{"id":16559,"date":"2023-07-26T16:32:54","date_gmt":"2023-07-26T19:32:54","guid":{"rendered":"http:\/\/dgospel.com.br\/portal\/?p=16559"},"modified":"2023-07-26T16:33:18","modified_gmt":"2023-07-26T19:33:18","slug":"bancada-evangelica-veta-lula-de-culto-especial-com-santa-ceia","status":"publish","type":"post","link":"https:\/\/dgospel.com.br\/portal\/index.php\/2023\/07\/26\/bancada-evangelica-veta-lula-de-culto-especial-com-santa-ceia\/","title":{"rendered":"Bancada Evang\u00e9lica veta Lula de culto especial com\u00a0Santa\u00a0Ceia"},"content":{"rendered":"\n<p>O novo l\u00edder da Frente Parlamentar Evang\u00e9lica (FPE), Silas C\u00e2mara (Republicanos-AM), sugeriu convidar o presidente Luiz In\u00e1cio Lula da Silva (PT) para participar do primeiro culto da bancada do segundo semestre de 2023.<\/p>\n\n\n\n<p>Marcado para acontecer no dia 2 de agosto, o evento ter\u00e1 a cerim\u00f4nia de Santa Ceia, onde os parlamentares, funcion\u00e1rios do Congresso e convidados poder\u00e3o celebrar a morte e ressurrei\u00e7\u00e3o de Jesus.<\/p>\n\n\n\n<p>A ideia de convidar o petista n\u00e3o agradou aos parlamentares da FPE. Desta forma, Silas C\u00e2mara precisou recuar.<\/p>\n\n\n\n<p>\u2013 A press\u00e3o da bancada foi maior. Ele desconsiderou a possibilidade e o convite n\u00e3o foi oficializado \u2013 informa uma fonte.<\/p>\n\n\n\n<p>Outro ponto que impedir\u00e1 que Lula seja convidado para a Santa Ceia da Bancada Evang\u00e9lica \u00e9 que Silas C\u00e2mara ainda n\u00e3o assumiu o cargo, sendo assim, apenas o deputado Eli Borges (PL-TO) poderia fazer o convite.<\/p>\n\n\n\n<p>A fonte diz que o Borges, por ser conservador e opositor ao governo Lula, n\u00e3o pretende formalizar o pedido para que o presidente compare\u00e7a.<\/p>\n\n\n\n<p>\u2013 O deputado Silas tamb\u00e9m n\u00e3o poderia oficializar o convite, pois ele n\u00e3o tomou posse do cargo. Assim, somente Eli Borges poderia convidar o presidente Lula e n\u00e3o h\u00e1 essa inclina\u00e7\u00e3o da parte dele \u2013 diz.<\/p>\n\n\n\n<p>Um acordo entre Borges e C\u00e2mara foi acertado para que ambos sejam presidentes da Bancada Evang\u00e9lica neste bi\u00eanio. O parlamentar tocantinense ficou no cargo no primeiro semestre de 2023 e volta a assumir a posi\u00e7\u00e3o em fevereiro de 2024. J\u00e1 o deputado amazonense ficar\u00e1 como presidente no segundo semestre deste e do pr\u00f3ximo ano.<\/p>\n","protected":false},"excerpt":{"rendered":"<p>O novo l\u00edder da Frente Parlamentar Evang\u00e9lica (FPE), Silas C\u00e2mara (Republicanos-AM), sugeriu convidar o presidente Luiz In\u00e1cio Lula da Silva (PT) para participar do primeiro culto da bancada do segundo semestre de 2023. Marcado para acontecer no dia 2 de agosto, o evento ter\u00e1 a cerim\u00f4nia de Santa Ceia, onde os parlamentares, funcion\u00e1rios do Congresso [&hellip;]<\/p>\n","protected":false},"author":2,"featured_media":16560,"comment_status":"open","ping_status":"open","sticky":false,"template":"","format":"standard","meta":[],"categories":[8],"tags":[],"_links":{"self":[{"href":"https:\/\/dgospel.com.br\/portal\/index.php\/wp-json\/wp\/v2\/posts\/16559"}],"collection":[{"href":"https:\/\/dgospel.com.br\/portal\/index.php\/wp-json\/wp\/v2\/posts"}],"about":[{"href":"https:\/\/dgospel.com.br\/portal\/index.php\/wp-json\/wp\/v2\/types\/post"}],"author":[{"embeddable":true,"href":"https:\/\/dgospel.com.br\/portal\/index.php\/wp-json\/wp\/v2\/users\/2"}],"replies":[{"embeddable":true,"href":"https:\/\/dgospel.com.br\/portal\/index.php\/wp-json\/wp\/v2\/comments?post=16559"}],"version-history":[{"count":2,"href":"https:\/\/dgospel.com.br\/portal\/index.php\/wp-json\/wp\/v2\/posts\/16559\/revisions"}],"predecessor-version":[{"id":16562,"href":"https:\/\/dgospel.com.br\/portal\/index.php\/wp-json\/wp\/v2\/posts\/16559\/revisions\/16562"}],"wp:featuredmedia":[{"embeddable":true,"href":"https:\/\/dgospel.com.br\/portal\/index.php\/wp-json\/wp\/v2\/media\/16560"}],"wp:attachment":[{"href":"https:\/\/dgospel.com.br\/portal\/index.php\/wp-json\/wp\/v2\/media?parent=16559"}],"wp:term":[{"taxonomy":"category","embeddable":true,"href":"https:\/\/dgospel.com.br\/portal\/index.php\/wp-json\/wp\/v2\/categories?post=16559"},{"taxonomy":"post_tag","embeddable":true,"href":"https:\/\/dgospel.com.br\/portal\/index.php\/wp-json\/wp\/v2\/tags?post=16559"}],"curies":[{"name":"wp","href":"https:\/\/api.w.org\/{rel}","templated":true}]}}