{"id":16563,"date":"2023-07-26T16:37:25","date_gmt":"2023-07-26T19:37:25","guid":{"rendered":"http:\/\/dgospel.com.br\/portal\/?p=16563"},"modified":"2023-07-26T16:37:26","modified_gmt":"2023-07-26T19:37:26","slug":"luciano-camargo-estreia-show-gospel-junto-a-banda-crista-morada","status":"publish","type":"post","link":"https:\/\/dgospel.com.br\/portal\/index.php\/2023\/07\/26\/luciano-camargo-estreia-show-gospel-junto-a-banda-crista-morada\/","title":{"rendered":"Luciano Camargo estreia show gospel junto a banda crist\u00e3 Morada"},"content":{"rendered":"\n<p>Vivendo uma nova fase em sua carreira, o cantor Luciano Camargo subir\u00e1 aos palcos, nesta quinta-feira (27), para apresentar um show gospel pela primeira vez. A apresenta\u00e7\u00e3o, que ocorre na festa beneficente Arraiana, em Goi\u00e1s, ter\u00e1 participa\u00e7\u00e3o da banda crist\u00e3 Morada.<\/p>\n\n\n\n<p>\u2013 Quando eu recebi o convite, aceitei logo, porque \u00e9 um evento beneficente. Eles custearam toda a produ\u00e7\u00e3o de levar a equipe, eu abri m\u00e3o do meu cach\u00ea, mas quis mostrar algo tamb\u00e9m muito bem feito. Ent\u00e3o, produzi conte\u00fado com a mesma empresa que faz o Amigos. N\u00e3o poupei para isso, eu fiz todas as m\u00fasicas com a minha banda e estamos ensaiando h\u00e1 dois dias \u2013 detalhou Luciano, segundo informa\u00e7\u00f5es do portal G1.<\/p>\n\n\n\n<p>Questionado sobre o repert\u00f3rio, Luciano adiantou que dar\u00e1 \u00eanfase em louvores da d\u00e9cada de 1990, como \u201c<em>Com Muito Louvor, Escudo, Alvo Mais que a Neve, Faz Um Milagre em Mim, Noites Trai\u00e7oeiras, Foi na Cruz, Cem Ovelhas, Porque Ele Vive, Caminhos no Deserto e Eu louvarei ao Senhor<\/em>\u201c. O artista tamb\u00e9m entoar\u00e1 louvores da harpa, como&nbsp;<em>Cabo da Nau<\/em>.<\/p>\n\n\n\n<p>Maior evento beneficente do estado, o Arraiana ocorre nos dias 27 e 31 de julho, e tamb\u00e9m atrair\u00e1 outros nomes da m\u00fasica, como Wesley Safad\u00e3o, Maiara e Mara\u00edsa e Felipe Ara\u00fajo.<\/p>\n","protected":false},"excerpt":{"rendered":"<p>Vivendo uma nova fase em sua carreira, o cantor Luciano Camargo subir\u00e1 aos palcos, nesta quinta-feira (27), para apresentar um show gospel pela primeira vez. A apresenta\u00e7\u00e3o, que ocorre na festa beneficente Arraiana, em Goi\u00e1s, ter\u00e1 participa\u00e7\u00e3o da banda crist\u00e3 Morada. \u2013 Quando eu recebi o convite, aceitei logo, porque \u00e9 um evento beneficente. Eles [&hellip;]<\/p>\n","protected":false},"author":2,"featured_media":16564,"comment_status":"open","ping_status":"open","sticky":false,"template":"","format":"standard","meta":[],"categories":[5],"tags":[],"_links":{"self":[{"href":"https:\/\/dgospel.com.br\/portal\/index.php\/wp-json\/wp\/v2\/posts\/16563"}],"collection":[{"href":"https:\/\/dgospel.com.br\/portal\/index.php\/wp-json\/wp\/v2\/posts"}],"about":[{"href":"https:\/\/dgospel.com.br\/portal\/index.php\/wp-json\/wp\/v2\/types\/post"}],"author":[{"embeddable":true,"href":"https:\/\/dgospel.com.br\/portal\/index.php\/wp-json\/wp\/v2\/users\/2"}],"replies":[{"embeddable":true,"href":"https:\/\/dgospel.com.br\/portal\/index.php\/wp-json\/wp\/v2\/comments?post=16563"}],"version-history":[{"count":1,"href":"https:\/\/dgospel.com.br\/portal\/index.php\/wp-json\/wp\/v2\/posts\/16563\/revisions"}],"predecessor-version":[{"id":16565,"href":"https:\/\/dgospel.com.br\/portal\/index.php\/wp-json\/wp\/v2\/posts\/16563\/revisions\/16565"}],"wp:featuredmedia":[{"embeddable":true,"href":"https:\/\/dgospel.com.br\/portal\/index.php\/wp-json\/wp\/v2\/media\/16564"}],"wp:attachment":[{"href":"https:\/\/dgospel.com.br\/portal\/index.php\/wp-json\/wp\/v2\/media?parent=16563"}],"wp:term":[{"taxonomy":"category","embeddable":true,"href":"https:\/\/dgospel.com.br\/portal\/index.php\/wp-json\/wp\/v2\/categories?post=16563"},{"taxonomy":"post_tag","embeddable":true,"href":"https:\/\/dgospel.com.br\/portal\/index.php\/wp-json\/wp\/v2\/tags?post=16563"}],"curies":[{"name":"wp","href":"https:\/\/api.w.org\/{rel}","templated":true}]}}