{"id":16566,"date":"2023-07-26T16:51:04","date_gmt":"2023-07-26T19:51:04","guid":{"rendered":"http:\/\/dgospel.com.br\/portal\/?p=16566"},"modified":"2023-07-26T16:51:05","modified_gmt":"2023-07-26T19:51:05","slug":"nunca-e-tarde-idoso-e-batizado-em-cuiaba-aos-104-anos","status":"publish","type":"post","link":"https:\/\/dgospel.com.br\/portal\/index.php\/2023\/07\/26\/nunca-e-tarde-idoso-e-batizado-em-cuiaba-aos-104-anos\/","title":{"rendered":"Nunca \u00e9 tarde: idoso \u00e9 batizado em Cuiab\u00e1 aos 104 anos"},"content":{"rendered":"\n<p>Osvaldo Pereira de Souza, de 104 anos, emocionou familiares, amigos e membros da Assembleias de Deus de Cuiab\u00e1 e Regi\u00e3o ao decidir ser&nbsp;<a href=\"https:\/\/guiame.com.br\/gospel\/testemunhos\/idoso-e-batizado-aos-85-anos-e-pastor-incentiva-nao-desista-das-pessoas.html\"><strong>batizado<\/strong><\/a>.<\/p>\n\n\n\n<p>A cerim\u00f4nia ocorreu no dia 16 de julho, no bairro S\u00e3o Crist\u00f3v\u00e3o, onde Osvaldo faz parte do corpo de membros do Grande Templo.<\/p>\n\n\n\n<p>Nascido em Cuiab\u00e1,&nbsp;<a href=\"https:\/\/guiame.com.br\/tudo-sobre?tag=mato%20grosso\"><strong>Mato Grosso<\/strong><\/a>, h\u00e1 mais de um s\u00e9culo, Osvaldo sempre demonstrou uma f\u00e9 e dedica\u00e7\u00e3o inabal\u00e1veis. Na regi\u00e3o, ele \u00e9 um exemplo de persist\u00eancia, resili\u00eancia e amor a Deus.<\/p>\n\n\n\n<p>Para celebrar o batismo do idoso, amigos, familiares e membros da congrega\u00e7\u00e3o se reuniram para testemunhar esse momento especial na vida de Osvaldo.&nbsp;<\/p>\n\n\n\n<p>Segundo o portal de not\u00edcias J1, a emo\u00e7\u00e3o era evidente nos olhares e sorrisos de todos.<\/p>\n\n\n\n<p><strong>Exemplo de f\u00e9&nbsp;<\/strong><\/p>\n\n\n\n<p>O pastor Rosalvo Macauba, que dirige a igreja em Cuiab\u00e1-MT, foi o discipulador de Osvaldo e destacou a f\u00e9 e a perseveran\u00e7a do&nbsp;<a href=\"https:\/\/guiame.com.br\/gospel\/testemunhos\/nunca-pare-de-orar-idoso-de-71-anos-e-batizado-apos-15-anos-de-oracao.html\"><strong>idoso<\/strong><\/a>.<\/p>\n\n\n\n<p>O presidente das Assembleias de Deus de Cuiab\u00e1 e Regi\u00e3o, o pastor Silas Paulo de Souza, enfatizou que o batismo nas \u00e1guas simboliza um renascimento espiritual, um compromisso p\u00fablico de seguir os ensinamentos de Jesus Cristo.<\/p>\n\n\n\n<p>Osvaldo expressou sua gratid\u00e3o ao Senhor por ter vivenciado esse momento falando sobre a import\u00e2ncia da confian\u00e7a em Deus, independentemente da idade.<\/p>\n\n\n\n<p>Ele transmitiu uma mensagem poderosa de que a idade n\u00e3o \u00e9 um obst\u00e1culo para decidir-se a Jesus e aceitar seu prop\u00f3sito de vida.&nbsp;<\/p>\n\n\n\n<p>Ap\u00f3s o batismo, Osvaldo deixou um legado valioso para as gera\u00e7\u00f5es futuras. Sua hist\u00f3ria de vida e seu testemunho de f\u00e9 continuam a inspirar a todos, principalmente a sua fam\u00edlia.<\/p>\n","protected":false},"excerpt":{"rendered":"<p>Osvaldo Pereira de Souza, de 104 anos, emocionou familiares, amigos e membros da Assembleias de Deus de Cuiab\u00e1 e Regi\u00e3o ao decidir ser&nbsp;batizado. A cerim\u00f4nia ocorreu no dia 16 de julho, no bairro S\u00e3o Crist\u00f3v\u00e3o, onde Osvaldo faz parte do corpo de membros do Grande Templo. Nascido em Cuiab\u00e1,&nbsp;Mato Grosso, h\u00e1 mais de um s\u00e9culo, [&hellip;]<\/p>\n","protected":false},"author":2,"featured_media":16567,"comment_status":"open","ping_status":"open","sticky":false,"template":"","format":"standard","meta":[],"categories":[11,12],"tags":[],"_links":{"self":[{"href":"https:\/\/dgospel.com.br\/portal\/index.php\/wp-json\/wp\/v2\/posts\/16566"}],"collection":[{"href":"https:\/\/dgospel.com.br\/portal\/index.php\/wp-json\/wp\/v2\/posts"}],"about":[{"href":"https:\/\/dgospel.com.br\/portal\/index.php\/wp-json\/wp\/v2\/types\/post"}],"author":[{"embeddable":true,"href":"https:\/\/dgospel.com.br\/portal\/index.php\/wp-json\/wp\/v2\/users\/2"}],"replies":[{"embeddable":true,"href":"https:\/\/dgospel.com.br\/portal\/index.php\/wp-json\/wp\/v2\/comments?post=16566"}],"version-history":[{"count":1,"href":"https:\/\/dgospel.com.br\/portal\/index.php\/wp-json\/wp\/v2\/posts\/16566\/revisions"}],"predecessor-version":[{"id":16568,"href":"https:\/\/dgospel.com.br\/portal\/index.php\/wp-json\/wp\/v2\/posts\/16566\/revisions\/16568"}],"wp:featuredmedia":[{"embeddable":true,"href":"https:\/\/dgospel.com.br\/portal\/index.php\/wp-json\/wp\/v2\/media\/16567"}],"wp:attachment":[{"href":"https:\/\/dgospel.com.br\/portal\/index.php\/wp-json\/wp\/v2\/media?parent=16566"}],"wp:term":[{"taxonomy":"category","embeddable":true,"href":"https:\/\/dgospel.com.br\/portal\/index.php\/wp-json\/wp\/v2\/categories?post=16566"},{"taxonomy":"post_tag","embeddable":true,"href":"https:\/\/dgospel.com.br\/portal\/index.php\/wp-json\/wp\/v2\/tags?post=16566"}],"curies":[{"name":"wp","href":"https:\/\/api.w.org\/{rel}","templated":true}]}}