{"id":16569,"date":"2023-07-26T17:03:34","date_gmt":"2023-07-26T20:03:34","guid":{"rendered":"http:\/\/dgospel.com.br\/portal\/?p=16569"},"modified":"2023-07-26T17:03:35","modified_gmt":"2023-07-26T20:03:35","slug":"balsas-sedia-a-festa-de-20-anos-da-comadesma","status":"publish","type":"post","link":"https:\/\/dgospel.com.br\/portal\/index.php\/2023\/07\/26\/balsas-sedia-a-festa-de-20-anos-da-comadesma\/","title":{"rendered":"Balsas sedia a festa de 20 anos da COMADESMA"},"content":{"rendered":"\n<p>A COMADESMA celebra 20 anos de funda\u00e7\u00e3o e a cidade escolhida para a grande celebra\u00e7\u00e3o \u00e9 Balsas -MA, onde foi realizada a primeira Assembleia Geral Ordin\u00e1ria da hist\u00f3ria da conven\u00e7\u00e3o, no ano de 2003. A programa\u00e7\u00e3o come\u00e7ou nesta ter\u00e7a-feira (25) com a participa\u00e7\u00e3o de mais de 3 mil pastores convencionais, al\u00e9m de esposas, filhos e convidados especiais, como o presidente da Conven\u00e7\u00e3o Geral dos Ministros das Igrejas Evang\u00e9licas Assembleias de Deus do Brasil (CGADB), pr. Jos\u00e9 Wellington Costa J\u00fanior, e do presidente da Uni\u00e3o de Ministros das Assembleias de Deus do Nordeste (UMADENE), pr. Jos\u00e9 Carlos de Lima. O governador do Maranh\u00e3o, Carlos Brand\u00e3o, e a deputada Iracema Vale, presidente da Assembleia Legislativa do Maranh\u00e3o, estiveram presentes na festa de abertura, entre outros visitantes.<\/p>\n\n\n\n<p>A abertura aconteceu na Catedral das Assembleias de Deus em Balsas. O pastor Jos\u00e9 Alves Cavalcante, presidente da COMADESMA, destaca que o evento \u00e9 mais do que uma comemora\u00e7\u00e3o, representa uma grande festa de a\u00e7\u00e3o de gra\u00e7as a Deus por duas d\u00e9cadas de trabalho focado na proclama\u00e7\u00e3o do Evangelho de Cristo, planta\u00e7\u00e3o e desenvolvimento da obra de Deus pelo Maranh\u00e3o, e mais 17 estados brasileiros onde a COMADESMA est\u00e1 presente.<\/p>\n\n\n\n<p>O tema desta 37\u00aa Assembleia Geral Ordin\u00e1ria \u00e9 \u201cCrescendo em unidade\u201d, uma express\u00e3o da forma como tem sido o desenvolvimento desta conven\u00e7\u00e3o ao longo dos anos, que une fraternalmente, como um corpo, em que Jesus Cristo \u00e9 a cabe\u00e7a. A COMADESMA \u00e9 composta hoje por 2.645 pastores credenciados, organizados em 86 \u00e1reas de supervis\u00e3o em 18 estados brasileiros e 598 igrejas sedes de campos. A cidade de Balsas cont\u00e9m 2 desses campos: o campo 1, coordenado pelo pr. Fl\u00e1vio Carvalho de Ara\u00fajo, anfitri\u00e3o da 37\u00aa AGO; E o campo 2 (Setor Flora Rica), coordenado pelo pastor Antonio Carlos.<\/p>\n\n\n\n<p>A COMADESMA foi fundada em 25 de julho de 2003, fruto do crescimento exponencial do SETA (Servi\u00e7o de Evangeliza\u00e7\u00e3o dos rios Tocantins e Araguaia), na regi\u00e3o tocantina, sul e sudoeste do estado, bem como o avan\u00e7o do Evangelho pelo estado do Cear\u00e1. Parte do Maranh\u00e3o e os campos do Cear\u00e1 ficaram sob a dire\u00e7\u00e3o da nova conven\u00e7\u00e3o, que n\u00e3o parou de crescer.<\/p>\n\n\n\n<figure class=\"wp-block-image\"><a href=\"https:\/\/www.cpadnews.com.br\/wp-content\/uploads\/2023\/07\/4M2A0073-scaled.jpg\"><img src=\"https:\/\/www.cpadnews.com.br\/wp-content\/uploads\/2023\/07\/4M2A0073-1280x853.jpg\" alt=\"\"\/><\/a><\/figure>\n\n\n\n<figure class=\"wp-block-image\"><a href=\"https:\/\/www.cpadnews.com.br\/wp-content\/uploads\/2023\/07\/36.png\"><img src=\"https:\/\/www.cpadnews.com.br\/wp-content\/uploads\/2023\/07\/36.png\" alt=\"\"\/><\/a><\/figure>\n\n\n\n<figure class=\"wp-block-image\"><a href=\"https:\/\/www.cpadnews.com.br\/wp-content\/uploads\/2023\/07\/37.png\"><img src=\"https:\/\/www.cpadnews.com.br\/wp-content\/uploads\/2023\/07\/37.png\" alt=\"\"\/><\/a><\/figure>\n\n\n\n<figure class=\"wp-block-image\"><a href=\"https:\/\/www.cpadnews.com.br\/wp-content\/uploads\/2023\/07\/4M2A0196-scaled.jpg\"><img src=\"https:\/\/www.cpadnews.com.br\/wp-content\/uploads\/2023\/07\/4M2A0196-1280x853.jpg\" alt=\"\"\/><\/a><\/figure>\n\n\n\n<figure class=\"wp-block-image\"><a href=\"https:\/\/www.cpadnews.com.br\/wp-content\/uploads\/2023\/07\/38.png\"><img src=\"https:\/\/www.cpadnews.com.br\/wp-content\/uploads\/2023\/07\/38.png\" alt=\"\"\/><\/a><\/figure>\n\n\n\n<figure class=\"wp-block-image\"><a href=\"https:\/\/www.cpadnews.com.br\/wp-content\/uploads\/2023\/07\/35.png\"><img src=\"https:\/\/www.cpadnews.com.br\/wp-content\/uploads\/2023\/07\/35.png\" alt=\"\"\/><\/a><\/figure>\n\n\n\n<figure class=\"wp-block-image\"><a href=\"https:\/\/www.cpadnews.com.br\/wp-content\/uploads\/2023\/07\/355A3271-scaled.jpg\"><img src=\"https:\/\/www.cpadnews.com.br\/wp-content\/uploads\/2023\/07\/355A3271-1280x853.jpg\" alt=\"\"\/><\/a><\/figure>\n\n\n\n<figure class=\"wp-block-image\"><a href=\"https:\/\/www.cpadnews.com.br\/wp-content\/uploads\/2023\/07\/4M2A0476-scaled.jpg\"><img src=\"https:\/\/www.cpadnews.com.br\/wp-content\/uploads\/2023\/07\/4M2A0476-1280x853.jpg\" alt=\"\"\/><\/a><\/figure>\n\n\n\n<figure class=\"wp-block-image\"><a href=\"https:\/\/www.cpadnews.com.br\/wp-content\/uploads\/2023\/07\/4M2A0153-scaled.jpg\"><img src=\"https:\/\/www.cpadnews.com.br\/wp-content\/uploads\/2023\/07\/4M2A0153-1280x853.jpg\" alt=\"\"\/><\/a><\/figure>\n\n\n\n<figure class=\"wp-block-image\"><a href=\"https:\/\/www.cpadnews.com.br\/wp-content\/uploads\/2023\/07\/4M2A0081-1-scaled.jpg\"><img src=\"https:\/\/www.cpadnews.com.br\/wp-content\/uploads\/2023\/07\/4M2A0081-1-1280x853.jpg\" alt=\"\"\/><\/a><\/figure>\n\n\n\n<figure class=\"wp-block-image\"><a href=\"https:\/\/www.cpadnews.com.br\/wp-content\/uploads\/2023\/07\/39.png\"><img src=\"https:\/\/www.cpadnews.com.br\/wp-content\/uploads\/2023\/07\/39.png\" alt=\"\"\/><\/a><\/figure>\n\n\n\n<figure class=\"wp-block-image\"><a href=\"https:\/\/www.cpadnews.com.br\/wp-content\/uploads\/2023\/07\/40.png\"><img src=\"https:\/\/www.cpadnews.com.br\/wp-content\/uploads\/2023\/07\/40.png\" alt=\"\"\/><\/a><\/figure>\n\n\n\n<p><strong>Segue abaixo a programa\u00e7\u00e3o da 37\u00aa AGO<\/strong><\/p>\n\n\n\n<p>A programa\u00e7\u00e3o iniciou nesta ter\u00e7a-feira (25\/07) \u00e0s 19h, na Catedral das Assembleias de Deus de Balsas.<\/p>\n\n\n\n<p><strong>QUARTA-FEIRA:<br>1\u00aa Sess\u00e3o Plen\u00e1ria dos pastores \u2013 SAKURA EVENTOS (manh\u00e3- das 8h \u00e0s 11h)<\/strong><br>Sess\u00e3o Solene, com a participa\u00e7\u00e3o do Pr. Jos\u00e9 Wellington Costa J\u00fanior \u2013 Presidente da Conven\u00e7\u00e3o Geral das Assembleias de Deus do Brasil (CGADB), e do Pr. Jos\u00e9 Carlos de Lima \u2013 Presidente da Uni\u00e3o de Ministros das Assembleias de Deus do Nordeste (UMADENE).<\/p>\n\n\n\n<p><strong>2\u00aa Sess\u00e3o Plen\u00e1ria dos Pastores \u2013 SAKURA EVENTOS (tarde \u2013 das 14h \u00e0s 17h30)<br><\/strong>Reuni\u00e3o das Esposas de pastores (UEMADESMA) \u2013 CONGREGA\u00c7\u00c3O JERUSAL\u00c9M \/ Templo Sede Campo 1 (14h \u00e0s 17h)<br>Celebra\u00e7\u00e3o especial que re\u00fane as mission\u00e1rias da Uni\u00e3o de Esposas de Ministros da COMADESMA (UEMADESMA)<br>Reuni\u00e3o dos Filhos de Pastores (UFIMADESMA) \u2013 Templo Sede IEADEFRA \u2013 Flora Rica (14h \u00e0s 17h<br>Celebra\u00e7\u00e3o especial que re\u00fane filhos de pastores da Uni\u00e3o de Filhos de Ministros da COMADESMA.<br>Culto comemorativo organizado pela Secretaria de Juventude COMADESMA \u2013 CATEDRAL (A partir das 19h) com as participa\u00e7\u00f5es do preletor Pr. \u00c2ngelo Galv\u00e3o, e cantor Emerson Pedrosa.<\/p>\n\n\n\n<p><strong>QUINTA-FEIRA<\/strong><br>3\u00aa Sess\u00e3o plen\u00e1ria dos Pastores \u2013 SAKURA EVENTOS (8h \u00e0s 11h30)<br>4\u00aa Sess\u00e3o plen\u00e1ria dos Pastores \u2013 SAKURA EVENTOS (14h \u00e0s 17h30)<br>Reuni\u00e3o de Esposas de pastores \u2013 CONGREGA\u00c7\u00c3O JERUSAL\u00c9M \u2013 Templo Sede Campo 1 (8h \u00e0s 11h30\/ 14h \u00e0s 17h30)<br>Reuni\u00e3o de Filhos de Pastores \u2013 Templo Sede IEADEFRA (8h \u00e0s 11h30\/ 14h \u00e0s 17h30)<br>Culto comemorativo organizado pela Secretaria de Evangeliza\u00e7\u00e3o \u2013 CATEDRAL (A partir das 19h) com a participa\u00e7\u00e3o da dupla de cantores, Daniel e Samuel.<\/p>\n\n\n\n<p><strong>SEXTA-FEIRA<\/strong><br>5\u00aa Sess\u00e3o plen\u00e1ria dos Pastores \u2013 SAKURA EVENTOS (8h \u00e0s 11h30)<br>Grande Culto de Santa Ceia e encerramento da 37\u00aa AGO \u2013 CATEDRAL (A partir das 19h).<\/p>\n\n\n\n<p><em>Texto e fotos cedidos por Secretaria de Comunica\u00e7\u00e3o COMADESMA<\/em><\/p>\n","protected":false},"excerpt":{"rendered":"<p>A COMADESMA celebra 20 anos de funda\u00e7\u00e3o e a cidade escolhida para a grande celebra\u00e7\u00e3o \u00e9 Balsas -MA, onde foi realizada a primeira Assembleia Geral Ordin\u00e1ria da hist\u00f3ria da conven\u00e7\u00e3o, no ano de 2003. A programa\u00e7\u00e3o come\u00e7ou nesta ter\u00e7a-feira (25) com a participa\u00e7\u00e3o de mais de 3 mil pastores convencionais, al\u00e9m de esposas, filhos e [&hellip;]<\/p>\n","protected":false},"author":2,"featured_media":16570,"comment_status":"open","ping_status":"open","sticky":false,"template":"","format":"standard","meta":[],"categories":[5],"tags":[],"_links":{"self":[{"href":"https:\/\/dgospel.com.br\/portal\/index.php\/wp-json\/wp\/v2\/posts\/16569"}],"collection":[{"href":"https:\/\/dgospel.com.br\/portal\/index.php\/wp-json\/wp\/v2\/posts"}],"about":[{"href":"https:\/\/dgospel.com.br\/portal\/index.php\/wp-json\/wp\/v2\/types\/post"}],"author":[{"embeddable":true,"href":"https:\/\/dgospel.com.br\/portal\/index.php\/wp-json\/wp\/v2\/users\/2"}],"replies":[{"embeddable":true,"href":"https:\/\/dgospel.com.br\/portal\/index.php\/wp-json\/wp\/v2\/comments?post=16569"}],"version-history":[{"count":1,"href":"https:\/\/dgospel.com.br\/portal\/index.php\/wp-json\/wp\/v2\/posts\/16569\/revisions"}],"predecessor-version":[{"id":16571,"href":"https:\/\/dgospel.com.br\/portal\/index.php\/wp-json\/wp\/v2\/posts\/16569\/revisions\/16571"}],"wp:featuredmedia":[{"embeddable":true,"href":"https:\/\/dgospel.com.br\/portal\/index.php\/wp-json\/wp\/v2\/media\/16570"}],"wp:attachment":[{"href":"https:\/\/dgospel.com.br\/portal\/index.php\/wp-json\/wp\/v2\/media?parent=16569"}],"wp:term":[{"taxonomy":"category","embeddable":true,"href":"https:\/\/dgospel.com.br\/portal\/index.php\/wp-json\/wp\/v2\/categories?post=16569"},{"taxonomy":"post_tag","embeddable":true,"href":"https:\/\/dgospel.com.br\/portal\/index.php\/wp-json\/wp\/v2\/tags?post=16569"}],"curies":[{"name":"wp","href":"https:\/\/api.w.org\/{rel}","templated":true}]}}