{"id":16579,"date":"2023-07-27T09:12:58","date_gmt":"2023-07-27T12:12:58","guid":{"rendered":"http:\/\/dgospel.com.br\/portal\/?p=16579"},"modified":"2023-07-27T09:12:59","modified_gmt":"2023-07-27T12:12:59","slug":"influenciadora-trans-e-presa-sob-suspeita-de-aplicar-golpe-e-torturar-empresario","status":"publish","type":"post","link":"https:\/\/dgospel.com.br\/portal\/index.php\/2023\/07\/27\/influenciadora-trans-e-presa-sob-suspeita-de-aplicar-golpe-e-torturar-empresario\/","title":{"rendered":"Influenciadora trans \u00e9 presa sob suspeita de aplicar golpe\u00a0e torturar empres\u00e1rio"},"content":{"rendered":"\n<p>A influenciadora digital Vit\u00f3ria Guarizo Demito, de 25 anos, e o modelo Gabriel Duarte de Meneses, de 28 anos, foram presos nesta ter\u00e7a-feira (25), na Vila Andrade, Zona Sul da capital paulista, por suspeita de aplicarem o golpe conhecido como \u201cboa noite, Cinderela\u201d.<\/p>\n\n\n\n<p>De acordo com a Secretaria da Seguran\u00e7a P\u00fablica do Estado de S\u00e3o Paulo (SSP), policiais civis deflagraram a Opera\u00e7\u00e3o Vit\u00f3ria para cumprir mandados de busca e apreens\u00e3o e pris\u00e3o preventiva contra os dois suspeitos de integrar uma quadrilha que atrai v\u00edtimas com an\u00fancios de servi\u00e7o de acompanhante para roub\u00e1-las.<\/p>\n\n\n\n<p>Segundo a SSP, a investiga\u00e7\u00e3o apontou que os dois presos participaram de um roubo em maio deste ano, depois de um encontro marcado por meio de um aplicativo, no qual obrigaram um homem a ingerir subst\u00e2ncias psicotr\u00f3picas e usaram m\u00e9todos de tortura para faz\u00ea-lo transferir cerca de R$ 40 mil.<\/p>\n\n\n\n<p>No im\u00f3vel onde eles estavam, a pol\u00edcia apreendeu celulares, computadores, drogas e diversos medicamentos usados para sedar v\u00edtimas, al\u00e9m de um carro modelo Jaguar.<\/p>\n\n\n\n<p>Conforme a investiga\u00e7\u00e3o, os indiciados foram encaminhados ao 27\u00b0 DP, onde a pris\u00e3o foi formalizada e o caso est\u00e1 sendo investigado.<\/p>\n\n\n\n<p><strong>DEFESA DIZ ESTAR CONFIANTE NA INOC\u00caNCIA<\/strong><br>A defesa da influenciadora destacou que a pris\u00e3o \u00e9 tempor\u00e1ria por um prazo de 15 dias e que Vit\u00f3ria est\u00e1 colaborando com as investiga\u00e7\u00f5es, esclarecendo os fatos, confiante de que provar\u00e1 a sua inoc\u00eancia.<\/p>\n\n\n\n<p>\u2013 O processo, no entanto, corre em segredo de Justi\u00e7a e a defesa ainda est\u00e1 tomando conhecimento das acusa\u00e7\u00f5es \u2013 afirmou a assessoria.<\/p>\n\n\n\n<p>Vit\u00f3ria \u00e9 transexual e registrou sua transi\u00e7\u00e3o de g\u00eanero em v\u00eddeos publicados em seu canal no YouTube quando tinha 17 anos. No Instagram, ela compartilha conte\u00fado digital sobre sa\u00fade mental, viagens e lifestyle.<\/p>\n\n\n\n<p>A defesa de Meneses n\u00e3o foi localizada.<\/p>\n\n\n\n<p>Golpes como o j\u00e1 conhecido \u201cboa noite, Cinderela\u201d, em que subst\u00e2ncias s\u00e3o colocadas em bebidas de outra pessoa, s\u00e3o crimes que causam consequ\u00eancias emocionais das mais graves nas v\u00edtimas. Isso porque as v\u00edtimas ficam completamente inconscientes e os criminosos praticam as mais variadas formas de viol\u00eancia, de estupro a roubo.<\/p>\n\n\n\n<p>A campanha Acorda Cinderela tem o objetivo de conscientizar a popula\u00e7\u00e3o sobre o tema. Qualquer pessoa pode ser v\u00edtima da chamada \u201cdroga de estupro\u201d, mas o objetivo final nem sempre \u00e9 sexual.<\/p>\n\n\n\n<p>*AE<\/p>\n","protected":false},"excerpt":{"rendered":"<p>A influenciadora digital Vit\u00f3ria Guarizo Demito, de 25 anos, e o modelo Gabriel Duarte de Meneses, de 28 anos, foram presos nesta ter\u00e7a-feira (25), na Vila Andrade, Zona Sul da capital paulista, por suspeita de aplicarem o golpe conhecido como \u201cboa noite, Cinderela\u201d. De acordo com a Secretaria da Seguran\u00e7a P\u00fablica do Estado de S\u00e3o [&hellip;]<\/p>\n","protected":false},"author":2,"featured_media":16580,"comment_status":"open","ping_status":"open","sticky":false,"template":"","format":"standard","meta":[],"categories":[10],"tags":[],"_links":{"self":[{"href":"https:\/\/dgospel.com.br\/portal\/index.php\/wp-json\/wp\/v2\/posts\/16579"}],"collection":[{"href":"https:\/\/dgospel.com.br\/portal\/index.php\/wp-json\/wp\/v2\/posts"}],"about":[{"href":"https:\/\/dgospel.com.br\/portal\/index.php\/wp-json\/wp\/v2\/types\/post"}],"author":[{"embeddable":true,"href":"https:\/\/dgospel.com.br\/portal\/index.php\/wp-json\/wp\/v2\/users\/2"}],"replies":[{"embeddable":true,"href":"https:\/\/dgospel.com.br\/portal\/index.php\/wp-json\/wp\/v2\/comments?post=16579"}],"version-history":[{"count":1,"href":"https:\/\/dgospel.com.br\/portal\/index.php\/wp-json\/wp\/v2\/posts\/16579\/revisions"}],"predecessor-version":[{"id":16581,"href":"https:\/\/dgospel.com.br\/portal\/index.php\/wp-json\/wp\/v2\/posts\/16579\/revisions\/16581"}],"wp:featuredmedia":[{"embeddable":true,"href":"https:\/\/dgospel.com.br\/portal\/index.php\/wp-json\/wp\/v2\/media\/16580"}],"wp:attachment":[{"href":"https:\/\/dgospel.com.br\/portal\/index.php\/wp-json\/wp\/v2\/media?parent=16579"}],"wp:term":[{"taxonomy":"category","embeddable":true,"href":"https:\/\/dgospel.com.br\/portal\/index.php\/wp-json\/wp\/v2\/categories?post=16579"},{"taxonomy":"post_tag","embeddable":true,"href":"https:\/\/dgospel.com.br\/portal\/index.php\/wp-json\/wp\/v2\/tags?post=16579"}],"curies":[{"name":"wp","href":"https:\/\/api.w.org\/{rel}","templated":true}]}}