{"id":16582,"date":"2023-07-27T09:47:42","date_gmt":"2023-07-27T12:47:42","guid":{"rendered":"http:\/\/dgospel.com.br\/portal\/?p=16582"},"modified":"2023-07-27T09:47:43","modified_gmt":"2023-07-27T12:47:43","slug":"atual-presidente-do-instituto-lula-ira-comandar-o-ibge","status":"publish","type":"post","link":"https:\/\/dgospel.com.br\/portal\/index.php\/2023\/07\/27\/atual-presidente-do-instituto-lula-ira-comandar-o-ibge\/","title":{"rendered":"Atual presidente do Instituto Lula ir\u00e1 comandar o IBGE"},"content":{"rendered":"\n<p>Nesta quarta-feira (26), o governo federal anunciou que o economista Marcio Pochmann ser\u00e1 o novo presidente do Instituto Brasileiro de Geografia e Estat\u00edstica (IBGE). O an\u00fancio foi feito pelo ministro da Secretaria de Comunica\u00e7\u00e3o, Paulo Pimenta.<\/p>\n\n\n\n<p>O assunto foi abordado pelo ministro durante conversa com jornalistas. Pochmann \u00e9 o atual presidente do Instituto Lula.<\/p>\n\n\n\n<p>\u2013 Marcio Pochmann que vai para o IBGE e n\u00e3o teve nenhum ru\u00eddo sobre isso. Ele vai ser o presidente, vai assumir o IBGE \u2013 ressaltou.<\/p>\n\n\n\n<p>Atualmente a presid\u00eancia do IBGE est\u00e1 sendo ocupada pelo diretor de pesquisa Cimar Azeredo.<\/p>\n","protected":false},"excerpt":{"rendered":"<p>Nesta quarta-feira (26), o governo federal anunciou que o economista Marcio Pochmann ser\u00e1 o novo presidente do Instituto Brasileiro de Geografia e Estat\u00edstica (IBGE). O an\u00fancio foi feito pelo ministro da Secretaria de Comunica\u00e7\u00e3o, Paulo Pimenta. O assunto foi abordado pelo ministro durante conversa com jornalistas. Pochmann \u00e9 o atual presidente do Instituto Lula. \u2013 [&hellip;]<\/p>\n","protected":false},"author":2,"featured_media":16583,"comment_status":"open","ping_status":"open","sticky":false,"template":"","format":"standard","meta":[],"categories":[10],"tags":[],"_links":{"self":[{"href":"https:\/\/dgospel.com.br\/portal\/index.php\/wp-json\/wp\/v2\/posts\/16582"}],"collection":[{"href":"https:\/\/dgospel.com.br\/portal\/index.php\/wp-json\/wp\/v2\/posts"}],"about":[{"href":"https:\/\/dgospel.com.br\/portal\/index.php\/wp-json\/wp\/v2\/types\/post"}],"author":[{"embeddable":true,"href":"https:\/\/dgospel.com.br\/portal\/index.php\/wp-json\/wp\/v2\/users\/2"}],"replies":[{"embeddable":true,"href":"https:\/\/dgospel.com.br\/portal\/index.php\/wp-json\/wp\/v2\/comments?post=16582"}],"version-history":[{"count":1,"href":"https:\/\/dgospel.com.br\/portal\/index.php\/wp-json\/wp\/v2\/posts\/16582\/revisions"}],"predecessor-version":[{"id":16584,"href":"https:\/\/dgospel.com.br\/portal\/index.php\/wp-json\/wp\/v2\/posts\/16582\/revisions\/16584"}],"wp:featuredmedia":[{"embeddable":true,"href":"https:\/\/dgospel.com.br\/portal\/index.php\/wp-json\/wp\/v2\/media\/16583"}],"wp:attachment":[{"href":"https:\/\/dgospel.com.br\/portal\/index.php\/wp-json\/wp\/v2\/media?parent=16582"}],"wp:term":[{"taxonomy":"category","embeddable":true,"href":"https:\/\/dgospel.com.br\/portal\/index.php\/wp-json\/wp\/v2\/categories?post=16582"},{"taxonomy":"post_tag","embeddable":true,"href":"https:\/\/dgospel.com.br\/portal\/index.php\/wp-json\/wp\/v2\/tags?post=16582"}],"curies":[{"name":"wp","href":"https:\/\/api.w.org\/{rel}","templated":true}]}}