{"id":16588,"date":"2023-07-27T09:52:52","date_gmt":"2023-07-27T12:52:52","guid":{"rendered":"http:\/\/dgospel.com.br\/portal\/?p=16588"},"modified":"2023-07-27T09:52:53","modified_gmt":"2023-07-27T12:52:53","slug":"mst-aproveita-recesso-da-cpi-e-invade-duas-fazendas-em-2-dias","status":"publish","type":"post","link":"https:\/\/dgospel.com.br\/portal\/index.php\/2023\/07\/27\/mst-aproveita-recesso-da-cpi-e-invade-duas-fazendas-em-2-dias\/","title":{"rendered":"MST \u201caproveita\u201d recesso da CPI e invade duas fazendas em 2 dias"},"content":{"rendered":"\n<p>Nesta semana, o Movimento dos Trabalhadores Rurais Sem Terra (MST) invadiu duas fazendas, uma em Goi\u00e1s e a outra em Pernambuco. A a\u00e7\u00e3o ocorre durante o recesso parlamentar, quando os trabalhos da Comiss\u00e3o Parlamentar de Inqu\u00e9rito (CPI) do MST seguem suspensos.<\/p>\n\n\n\n<p>A primeira invas\u00e3o ocorreu nesta segunda-feira (24), quando integrantes do movimento invadiram a Fazenda S\u00e3o Lukas, no munic\u00edpio de Hidrol\u00e2ndia (GO). J\u00e1 a segunda invas\u00e3o foi na ter\u00e7a (25), quando 180 fam\u00edlias invadiram uma fazenda com 500 hectares em Caruaru (PE).<\/p>\n\n\n\n<p>Em nota, o MST afirmou que a a\u00e7\u00e3o \u201crepresenta mais um passo na luta pela redistribui\u00e7\u00e3o de terras e pela justi\u00e7a social no campo, proporcionando condi\u00e7\u00f5es dignas de vida e trabalho para centenas de fam\u00edlias que buscam uma oportunidade para produzir alimento saud\u00e1veis\u201d.<\/p>\n","protected":false},"excerpt":{"rendered":"<p>Nesta semana, o Movimento dos Trabalhadores Rurais Sem Terra (MST) invadiu duas fazendas, uma em Goi\u00e1s e a outra em Pernambuco. A a\u00e7\u00e3o ocorre durante o recesso parlamentar, quando os trabalhos da Comiss\u00e3o Parlamentar de Inqu\u00e9rito (CPI) do MST seguem suspensos. A primeira invas\u00e3o ocorreu nesta segunda-feira (24), quando integrantes do movimento invadiram a Fazenda [&hellip;]<\/p>\n","protected":false},"author":2,"featured_media":16589,"comment_status":"open","ping_status":"open","sticky":false,"template":"","format":"standard","meta":[],"categories":[10],"tags":[],"_links":{"self":[{"href":"https:\/\/dgospel.com.br\/portal\/index.php\/wp-json\/wp\/v2\/posts\/16588"}],"collection":[{"href":"https:\/\/dgospel.com.br\/portal\/index.php\/wp-json\/wp\/v2\/posts"}],"about":[{"href":"https:\/\/dgospel.com.br\/portal\/index.php\/wp-json\/wp\/v2\/types\/post"}],"author":[{"embeddable":true,"href":"https:\/\/dgospel.com.br\/portal\/index.php\/wp-json\/wp\/v2\/users\/2"}],"replies":[{"embeddable":true,"href":"https:\/\/dgospel.com.br\/portal\/index.php\/wp-json\/wp\/v2\/comments?post=16588"}],"version-history":[{"count":1,"href":"https:\/\/dgospel.com.br\/portal\/index.php\/wp-json\/wp\/v2\/posts\/16588\/revisions"}],"predecessor-version":[{"id":16590,"href":"https:\/\/dgospel.com.br\/portal\/index.php\/wp-json\/wp\/v2\/posts\/16588\/revisions\/16590"}],"wp:featuredmedia":[{"embeddable":true,"href":"https:\/\/dgospel.com.br\/portal\/index.php\/wp-json\/wp\/v2\/media\/16589"}],"wp:attachment":[{"href":"https:\/\/dgospel.com.br\/portal\/index.php\/wp-json\/wp\/v2\/media?parent=16588"}],"wp:term":[{"taxonomy":"category","embeddable":true,"href":"https:\/\/dgospel.com.br\/portal\/index.php\/wp-json\/wp\/v2\/categories?post=16588"},{"taxonomy":"post_tag","embeddable":true,"href":"https:\/\/dgospel.com.br\/portal\/index.php\/wp-json\/wp\/v2\/tags?post=16588"}],"curies":[{"name":"wp","href":"https:\/\/api.w.org\/{rel}","templated":true}]}}