{"id":16597,"date":"2023-07-27T11:20:23","date_gmt":"2023-07-27T14:20:23","guid":{"rendered":"http:\/\/dgospel.com.br\/portal\/?p=16597"},"modified":"2023-07-27T11:20:25","modified_gmt":"2023-07-27T14:20:25","slug":"cristaos-fazem-27-horas-de-oracao-por-israel-no-monte-do-templo","status":"publish","type":"post","link":"https:\/\/dgospel.com.br\/portal\/index.php\/2023\/07\/27\/cristaos-fazem-27-horas-de-oracao-por-israel-no-monte-do-templo\/","title":{"rendered":"Crist\u00e3os fazem 27 horas de ora\u00e7\u00e3o por Israel no Monte do Templo"},"content":{"rendered":"\n<p>Cerca de 100 crist\u00e3os sionistas subiram ao&nbsp;<strong><a href=\"https:\/\/guiame.com.br\/gospel\/israel\/jordania-quer-que-monte-do-templo-seja-local-exclusivo-para-muculmanos.html\">Monte do Templo<\/a><\/strong>, em Jerusal\u00e9m, na manh\u00e3 desta quinta-feira (27), junto com milhares de judeus para orar por Israel.<\/p>\n\n\n\n<p>O encontro \u00e9 uma demonstra\u00e7\u00e3o de solidariedade e arrependimento pelas atrocidades cometidas por seus antepassados, em homenagem ao dia de&nbsp;<strong><a href=\"https:\/\/guiame.com.br\/gospel\/israel\/judeus-marcham-em-jerusalem-e-reivindicam-construcao-do-terceiro-templo.html\">Tisha Be&#8217;Av<\/a><\/strong>.<\/p>\n\n\n\n<p>Tisha Be&#8217;Av \u00e9 um dia de jejum e luto observado no juda\u00edsmo que ocorre no nono dia do m\u00eas hebraico de Av (Tisha significa &#8220;nove&#8221; em hebraico). Esse dia \u00e9 dedicado \u00e0 lembran\u00e7a de eventos tr\u00e1gicos e desastres que ocorreram ao longo da hist\u00f3ria judaica, especialmente a destrui\u00e7\u00e3o do Primeiro e Segundo Templo.<\/p>\n\n\n\n<p>A subida foi liderada pelo ativista do Monte do Templo, rabino&nbsp;<strong><a href=\"https:\/\/guiame.com.br\/gospel\/israel\/rabino-atua-para-tornar-o-monte-do-templo-na-casa-de-oracao-para-todas-nacoes.html\">Yehudah Glick<\/a><\/strong>, que organizou 27 horas de ora\u00e7\u00e3o junto com o grupo de intercess\u00e3o por Israel e pela &#8220;aliyah&#8221; (retorno a Israel), chamado \u201cAltar of Prayer\u201d.<\/p>\n\n\n\n<p>A &#8220;aliyah&#8221; foi coordenada pela organiza\u00e7\u00e3o &#8220;Ninth of Av das Na\u00e7\u00f5es&#8221;, um grupo de crist\u00e3os que reconhece a hist\u00f3ria dolorosa entre crist\u00e3os e judeus e busca &#8220;arrepender-se e assumir a responsabilidade&#8221;, explicou seu cofundador, Steve Wearp.<\/p>\n\n\n\n<p><strong>&#8216;N\u00e3o imitar, mas sim apoiar&#8217;<\/strong><\/p>\n\n\n\n<p>Wearp, que tamb\u00e9m \u00e9 o fundador da organiza\u00e7\u00e3o &#8220;Blessed Buy Israel&#8221;, enfatizou que os crist\u00e3os n\u00e3o estavam presentes para imitar os judeus, mas sim para apoi\u00e1-los.<\/p>\n\n\n\n<p>Em uma entrevista ao The Jerusalem Post, ele explicou que a iniciativa &#8220;Ninth of Av das Na\u00e7\u00f5es&#8221; \u00e9 fundamentada no livro de Zacarias 8:23, que descreve como, no tempo da reden\u00e7\u00e3o, os n\u00e3o judeus &#8220;agarrar\u00e3o firmemente um judeu pela bainha de seu manto e dir\u00e3o, &#8216;Deixe-nos ir com voc\u00ea porque ouvimos que Deus est\u00e1 com voc\u00ea.'&#8221;<\/p>\n\n\n\n<p>&#8220;\u00c9 uma proclama\u00e7\u00e3o&#8221;, disse Wearp. &#8220;&#8216;Deixe-nos subir com voc\u00ea!&#8217; E \u00e9 por isso que estamos aqui hoje. Estamos fazendo aliyah.&#8221;<\/p>\n\n\n\n<p>Enquanto seguia em dire\u00e7\u00e3o ao monte, ele compartilhou suas palavras com um \u00f4nibus repleto de seguidores&nbsp;<strong><a href=\"https:\/\/guiame.com.br\/gospel\/missoes-acao-social\/casal-cristao-e-bebe-de-1-ano-sao-expulsos-de-casa-por-causa-da-fe.html\">crist\u00e3os<\/a><\/strong>, enfatizando que &#8220;n\u00e3o se trata apenas do povo judeu. N\u00e3o se trata apenas de Israel. Trata-se de todos n\u00f3s. O mundo inteiro pode vir ao encontro do Senhor e orar. O Templo deve ser uma casa de ora\u00e7\u00e3o para todas as na\u00e7\u00f5es e todas as pessoas.&#8221;<\/p>\n\n\n\n<p>Wearp pediu aos viajantes, alguns que nunca haviam subido ao Monte do Templo antes, que se perguntassem por que n\u00e3o.<\/p>\n\n\n\n<p>Nos \u00faltimos anos, a iniciativa &#8220;Ninth of Av das Na\u00e7\u00f5es&#8221; tem realizado diversos programas educacionais, tanto presenciais como online. Entre eles, destaca-se a sua turn\u00ea anual por Israel, que coincide propositalmente com o dia de Tisha Be&#8217;Av.<\/p>\n\n\n\n<p>Milhares de crist\u00e3os t\u00eam participado ativamente de seus esfor\u00e7os, e centenas deles comparecem anualmente a um banquete especial e uma cerim\u00f4nia de premia\u00e7\u00e3o para marcar &#8220;novos come\u00e7os nas rela\u00e7\u00f5es judaico-crist\u00e3s e reconhecer aqueles que trabalharam abnegadamente neste trabalho&#8221;, conforme consta no convite.<\/p>\n\n\n\n<p>Este ano, a cerim\u00f4nia de premia\u00e7\u00e3o ser\u00e1 no dia 2 de agosto, no Museu de Israel. Os ganhadores do pr\u00eamio ser\u00e3o Tommy Waller, da HaYovel, e Rabino Tuly Weisz, da Israel365.<\/p>\n\n\n\n<p><strong>Aliyah no Monte do Templo<\/strong><\/p>\n\n\n\n<p>Fundador da Shalom Jerusalem Foundation, Glick tem liderado regularmente grupos de judeus e crist\u00e3os em ora\u00e7\u00f5es no Monte do Templo. No entanto, na quinta-feira, ele expressou que os crist\u00e3os que subiram o monte durante Tisha Be&#8217;Av eram considerados &#8220;parte da reden\u00e7\u00e3o&#8221;.<\/p>\n\n\n\n<p>Glick contou que, h\u00e1 30 anos, quando come\u00e7ou a subir o Monte do Templo, havia apenas algumas centenas de pessoas como ele. Hoje, o n\u00famero aumentou significativamente, com dezenas de milhares de pessoas visitando o Monte do Templo todos os anos.<\/p>\n\n\n\n<p>De acordo com Beyadenu \u2013 Retornando \u00e0 organiza\u00e7\u00e3o do Monte do Templo, quase 2.000 pessoas haviam subido ao meio-dia. Um porta-voz disse que o pa\u00eds provavelmente ver\u00e1 um pico de visitantes este ano.<\/p>\n\n\n\n<p>Em 2022, 2.200 pessoas visitaram o Monte do Templo.<\/p>\n\n\n\n<p><strong>Lugar sagrado<\/strong><\/p>\n\n\n\n<p>O Monte do Templo \u00e9 um local de grande significado hist\u00f3rico para o juda\u00edsmo, uma vez que abrigou os antigos templos judaicos, o Primeiro e o Segundo Templo.<\/p>\n\n\n\n<p>Ap\u00f3s a vit\u00f3ria de Israel na Guerra dos Seis Dias de 1967, a \u00e1rea foi recuperada por Israel, mas desde ent\u00e3o permanece altamente disputada, sendo monitorada pelo Waqf da Jord\u00e2nia.<\/p>\n\n\n\n<p>Local sagrado para judeus, mu\u00e7ulmanos e crist\u00e3os, o Monte do Templo tem sido palco de epis\u00f3dios de viol\u00eancia em ocasi\u00f5es repetidas.<\/p>\n\n\n\n<p>Em maio, os fi\u00e9is crist\u00e3os que foram orar em um parque arqueol\u00f3gico perto do&nbsp;<strong><a href=\"https:\/\/guiame.com.br\/gospel\/israel\/oracoes-do-muro-das-lamentacoes-serao-recolhidas-e-enterradas-no-monte-das-oliveiras.html\">Muro das Lamenta\u00e7\u00f5es<\/a><\/strong>&nbsp;foram agredidos verbalmente e cuspidos por centenas de manifestantes judeus ortodoxos que os pediam para sair.<\/p>\n","protected":false},"excerpt":{"rendered":"<p>Cerca de 100 crist\u00e3os sionistas subiram ao&nbsp;Monte do Templo, em Jerusal\u00e9m, na manh\u00e3 desta quinta-feira (27), junto com milhares de judeus para orar por Israel. O encontro \u00e9 uma demonstra\u00e7\u00e3o de solidariedade e arrependimento pelas atrocidades cometidas por seus antepassados, em homenagem ao dia de&nbsp;Tisha Be&#8217;Av. Tisha Be&#8217;Av \u00e9 um dia de jejum e luto [&hellip;]<\/p>\n","protected":false},"author":2,"featured_media":16598,"comment_status":"open","ping_status":"open","sticky":false,"template":"","format":"standard","meta":[],"categories":[11,12],"tags":[],"_links":{"self":[{"href":"https:\/\/dgospel.com.br\/portal\/index.php\/wp-json\/wp\/v2\/posts\/16597"}],"collection":[{"href":"https:\/\/dgospel.com.br\/portal\/index.php\/wp-json\/wp\/v2\/posts"}],"about":[{"href":"https:\/\/dgospel.com.br\/portal\/index.php\/wp-json\/wp\/v2\/types\/post"}],"author":[{"embeddable":true,"href":"https:\/\/dgospel.com.br\/portal\/index.php\/wp-json\/wp\/v2\/users\/2"}],"replies":[{"embeddable":true,"href":"https:\/\/dgospel.com.br\/portal\/index.php\/wp-json\/wp\/v2\/comments?post=16597"}],"version-history":[{"count":1,"href":"https:\/\/dgospel.com.br\/portal\/index.php\/wp-json\/wp\/v2\/posts\/16597\/revisions"}],"predecessor-version":[{"id":16599,"href":"https:\/\/dgospel.com.br\/portal\/index.php\/wp-json\/wp\/v2\/posts\/16597\/revisions\/16599"}],"wp:featuredmedia":[{"embeddable":true,"href":"https:\/\/dgospel.com.br\/portal\/index.php\/wp-json\/wp\/v2\/media\/16598"}],"wp:attachment":[{"href":"https:\/\/dgospel.com.br\/portal\/index.php\/wp-json\/wp\/v2\/media?parent=16597"}],"wp:term":[{"taxonomy":"category","embeddable":true,"href":"https:\/\/dgospel.com.br\/portal\/index.php\/wp-json\/wp\/v2\/categories?post=16597"},{"taxonomy":"post_tag","embeddable":true,"href":"https:\/\/dgospel.com.br\/portal\/index.php\/wp-json\/wp\/v2\/tags?post=16597"}],"curies":[{"name":"wp","href":"https:\/\/api.w.org\/{rel}","templated":true}]}}