{"id":166,"date":"2018-05-15T16:18:07","date_gmt":"2018-05-15T19:18:07","guid":{"rendered":"http:\/\/dgospel.com.br\/portal\/?p=166"},"modified":"2018-05-15T16:18:07","modified_gmt":"2018-05-15T19:18:07","slug":"carro-pega-fogo-em-estacionamento-e-chamas-atingem-outros-dois-veiculos-em-palmas","status":"publish","type":"post","link":"https:\/\/dgospel.com.br\/portal\/index.php\/2018\/05\/15\/carro-pega-fogo-em-estacionamento-e-chamas-atingem-outros-dois-veiculos-em-palmas\/","title":{"rendered":"Carro pega fogo em estacionamento e chamas atingem outros dois ve\u00edculos em Palmas"},"content":{"rendered":"<div class=\"mc-column content-text active-extra-styles active-capital-letter\" data-block-type=\"unstyled\" data-block-weight=\"48\" data-block-id=\"2\">\n<p class=\"content-text__container theme-color-primary-first-letter\" data-track-category=\"Link no Texto\" data-track-links=\"\">Um carro ficou destru\u00eddo ap\u00f3s pegar fogo em no estacionamento de um hotel no centro de Palmas. A intensidade das chamas fez com que o fogo passasse para os outros ve\u00edculos que estavam ao lado. O inc\u00eandio foi por volta das 15h desta ter\u00e7a-feira (15). Ningu\u00e9m ficou ferido.<\/p>\n<\/div>\n<div class=\"mc-column content-text active-extra-styles \" data-block-type=\"unstyled\" data-block-weight=\"49\" data-block-id=\"3\">\n<p class=\"content-text__container \" data-track-category=\"Link no Texto\" data-track-links=\"\">Uma testemunha que passava pelo local viu quando as chamas come\u00e7aram. &#8220;O fogo estava muito alto. Primeiro eu vi a fuma\u00e7a e depois percebi que era fogo em um ve\u00edculo. Passei em frente e tinha muita gente tirando foto, mas fiquei com medo de uma explos\u00e3o&#8221;, contou Silvana Lima.<\/p>\n<\/div>\n<div class=\"mc-column content-text active-extra-styles \" data-block-type=\"unstyled\" data-block-weight=\"41\" data-block-id=\"4\">\n<p class=\"content-text__container \" data-track-category=\"Link no Texto\" data-track-links=\"\">A suspeita \u00e9 de que uma falha mec\u00e2nica tenha dado in\u00edcio \u00e0s chamas. De acordo com os bombeiros, o motorista do ve\u00edculo disse que percebeu uma fuma\u00e7a saindo do carro e resolveu estacionar. Minutos depois o ve\u00edculo come\u00e7ou a pegar fogo.<\/p>\n<\/div>\n<div class=\"mc-column content-text active-extra-styles \" data-block-type=\"unstyled\" data-block-weight=\"16\" data-block-id=\"5\">\n<p class=\"content-text__container \" data-track-category=\"Link no Texto\" data-track-links=\"\">Al\u00e9m do carro onde o fogo come\u00e7ou, outros dois tamb\u00e9m foram atingidos e ficaram parcialmente destru\u00eddos.<\/p>\n<p data-track-category=\"Link no Texto\" data-track-links=\"\">Fonte:\u00a0G1 Tocantins<\/p>\n<\/div>\n","protected":false},"excerpt":{"rendered":"<p>Um carro ficou destru\u00eddo ap\u00f3s pegar fogo em no estacionamento de um hotel no centro de Palmas. A intensidade das chamas fez com que o fogo passasse para os outros ve\u00edculos que estavam ao lado. O inc\u00eandio foi por volta das 15h desta ter\u00e7a-feira (15). Ningu\u00e9m ficou ferido. Uma testemunha que passava pelo local viu [&hellip;]<\/p>\n","protected":false},"author":2,"featured_media":167,"comment_status":"open","ping_status":"open","sticky":false,"template":"","format":"standard","meta":[],"categories":[2,3],"tags":[],"_links":{"self":[{"href":"https:\/\/dgospel.com.br\/portal\/index.php\/wp-json\/wp\/v2\/posts\/166"}],"collection":[{"href":"https:\/\/dgospel.com.br\/portal\/index.php\/wp-json\/wp\/v2\/posts"}],"about":[{"href":"https:\/\/dgospel.com.br\/portal\/index.php\/wp-json\/wp\/v2\/types\/post"}],"author":[{"embeddable":true,"href":"https:\/\/dgospel.com.br\/portal\/index.php\/wp-json\/wp\/v2\/users\/2"}],"replies":[{"embeddable":true,"href":"https:\/\/dgospel.com.br\/portal\/index.php\/wp-json\/wp\/v2\/comments?post=166"}],"version-history":[{"count":1,"href":"https:\/\/dgospel.com.br\/portal\/index.php\/wp-json\/wp\/v2\/posts\/166\/revisions"}],"predecessor-version":[{"id":168,"href":"https:\/\/dgospel.com.br\/portal\/index.php\/wp-json\/wp\/v2\/posts\/166\/revisions\/168"}],"wp:featuredmedia":[{"embeddable":true,"href":"https:\/\/dgospel.com.br\/portal\/index.php\/wp-json\/wp\/v2\/media\/167"}],"wp:attachment":[{"href":"https:\/\/dgospel.com.br\/portal\/index.php\/wp-json\/wp\/v2\/media?parent=166"}],"wp:term":[{"taxonomy":"category","embeddable":true,"href":"https:\/\/dgospel.com.br\/portal\/index.php\/wp-json\/wp\/v2\/categories?post=166"},{"taxonomy":"post_tag","embeddable":true,"href":"https:\/\/dgospel.com.br\/portal\/index.php\/wp-json\/wp\/v2\/tags?post=166"}],"curies":[{"name":"wp","href":"https:\/\/api.w.org\/{rel}","templated":true}]}}