{"id":16600,"date":"2023-07-27T11:23:48","date_gmt":"2023-07-27T14:23:48","guid":{"rendered":"http:\/\/dgospel.com.br\/portal\/?p=16600"},"modified":"2023-07-27T11:23:49","modified_gmt":"2023-07-27T14:23:49","slug":"igrejas-no-vietna-suspendem-cultos-por-inseguranca","status":"publish","type":"post","link":"https:\/\/dgospel.com.br\/portal\/index.php\/2023\/07\/27\/igrejas-no-vietna-suspendem-cultos-por-inseguranca\/","title":{"rendered":"Igrejas no Vietn\u00e3 suspendem cultos por inseguran\u00e7a"},"content":{"rendered":"\n<p>Um grupo armado atacou duas delegacias e causou a morte de nove pessoas (quatro policiais, dois oficiais da comunidade e tr\u00eas civis) no planalto Central do&nbsp;<a href=\"https:\/\/portasabertas.org.br\/lista-mundial-da-perseguicao\/vietna\">Vietn\u00e3<\/a>&nbsp;no come\u00e7o de junho. Na ocasi\u00e3o, cerca de 85 pessoas foram presas e outras cinco est\u00e3o sendo procuradas.<\/p>\n\n\n\n<p>Quase todas as atividades das igrejas na regi\u00e3o foram suspensas e os l\u00edderes crist\u00e3os est\u00e3o sendo monitorados e tropas militares foram encaminhadas para os vilarejos. Parceiros da Portas Abertas que moram na regi\u00e3o n\u00e3o conseguem explicar o que est\u00e1 acontecendo e est\u00e3o assustados.<\/p>\n\n\n\n<p>Segundo Josuha (pseud\u00f4nimo), parceiro local da Portas Abertas, o sinal de celular foi cortado e a internet est\u00e1 muito limitada.&nbsp;<em>\u201cCerta manh\u00e3, um l\u00edder crist\u00e3o saiu e ouviu um tiro. Ele viu um policial armado e for\u00e7as militares em um comboio dizendo aos moradores do vilarejo para permanecerem em casa e que n\u00e3o sa\u00edssem\u201d<\/em>, disse. Alguns dias depois, eles foram informados que a pol\u00edcia capturou um homem que estava escondido na comunidade.<\/p>\n\n\n\n<p>De acordo com ele, \u00faltima situa\u00e7\u00e3o semelhante a essa aconteceu em 2004, com a tentativa de minorias \u00e9tnicas de conquistar independ\u00eancia, o que resultou em muitas restri\u00e7\u00f5es a longo prazo no pa\u00eds, al\u00e9m de in\u00fameras mortes e pris\u00f5es.<\/p>\n\n\n\n<p>A prov\u00edncia de Dak Lak, nos planaltos onde os incidentes aconteceram, abriga mais de 30 grupos \u00e9tnicos conhecidos como montagnards. H\u00e1 suspeitas de que os respons\u00e1veis fa\u00e7am parte de um grupo tribal de fora do Vietn\u00e3.<\/p>\n\n\n\n<p><em>Com informa\u00e7\u00f5es: Portas Abertas<\/em><\/p>\n","protected":false},"excerpt":{"rendered":"<p>Um grupo armado atacou duas delegacias e causou a morte de nove pessoas (quatro policiais, dois oficiais da comunidade e tr\u00eas civis) no planalto Central do&nbsp;Vietn\u00e3&nbsp;no come\u00e7o de junho. Na ocasi\u00e3o, cerca de 85 pessoas foram presas e outras cinco est\u00e3o sendo procuradas. Quase todas as atividades das igrejas na regi\u00e3o foram suspensas e os [&hellip;]<\/p>\n","protected":false},"author":2,"featured_media":16601,"comment_status":"open","ping_status":"open","sticky":false,"template":"","format":"standard","meta":[],"categories":[11,12],"tags":[],"_links":{"self":[{"href":"https:\/\/dgospel.com.br\/portal\/index.php\/wp-json\/wp\/v2\/posts\/16600"}],"collection":[{"href":"https:\/\/dgospel.com.br\/portal\/index.php\/wp-json\/wp\/v2\/posts"}],"about":[{"href":"https:\/\/dgospel.com.br\/portal\/index.php\/wp-json\/wp\/v2\/types\/post"}],"author":[{"embeddable":true,"href":"https:\/\/dgospel.com.br\/portal\/index.php\/wp-json\/wp\/v2\/users\/2"}],"replies":[{"embeddable":true,"href":"https:\/\/dgospel.com.br\/portal\/index.php\/wp-json\/wp\/v2\/comments?post=16600"}],"version-history":[{"count":1,"href":"https:\/\/dgospel.com.br\/portal\/index.php\/wp-json\/wp\/v2\/posts\/16600\/revisions"}],"predecessor-version":[{"id":16602,"href":"https:\/\/dgospel.com.br\/portal\/index.php\/wp-json\/wp\/v2\/posts\/16600\/revisions\/16602"}],"wp:featuredmedia":[{"embeddable":true,"href":"https:\/\/dgospel.com.br\/portal\/index.php\/wp-json\/wp\/v2\/media\/16601"}],"wp:attachment":[{"href":"https:\/\/dgospel.com.br\/portal\/index.php\/wp-json\/wp\/v2\/media?parent=16600"}],"wp:term":[{"taxonomy":"category","embeddable":true,"href":"https:\/\/dgospel.com.br\/portal\/index.php\/wp-json\/wp\/v2\/categories?post=16600"},{"taxonomy":"post_tag","embeddable":true,"href":"https:\/\/dgospel.com.br\/portal\/index.php\/wp-json\/wp\/v2\/tags?post=16600"}],"curies":[{"name":"wp","href":"https:\/\/api.w.org\/{rel}","templated":true}]}}