{"id":16606,"date":"2023-07-27T15:49:14","date_gmt":"2023-07-27T18:49:14","guid":{"rendered":"http:\/\/dgospel.com.br\/portal\/?p=16606"},"modified":"2023-07-27T15:49:16","modified_gmt":"2023-07-27T18:49:16","slug":"deputado-da-esquerda-renuncia-apos-roubar-oculos-de-grife","status":"publish","type":"post","link":"https:\/\/dgospel.com.br\/portal\/index.php\/2023\/07\/27\/deputado-da-esquerda-renuncia-apos-roubar-oculos-de-grife\/","title":{"rendered":"Deputado da esquerda renuncia ap\u00f3s roubar \u00f3culos de grife"},"content":{"rendered":"\n<p>Ap\u00f3s ter sido flagrado roubando um \u00f3culos de sol, em uma loja do Aeroporto de Oslo Gardermoen, na capital da Noruega, o deputado noruegu\u00eas Bjornar Moxnes e l\u00edder do partido de esquerda Rodt (Vermelho) renunciou ao seu cargo. A decis\u00e3o foi compartilhada em seu perfil do Facebook, na \u00faltima segunda-feira (24).<\/p>\n\n\n\n<p>Nas imagens que registraram a a\u00e7\u00e3o de Bjornar, \u00e9 poss\u00edvel ver o momento no qual ele avista os \u00f3culos, da marca Hugo Boss, e decide experiment\u00e1-los. Ap\u00f3s provar o acess\u00f3rio por tr\u00eas vezes, ele o coloca sobre uma bagagem.<\/p>\n\n\n\n<p>Na sequ\u00eancia, ao trocar de corredor na loja, o deputado, sem pagar, p\u00f5e o objeto dentro de um dos bolsos de seu casaco e sai da loja. A a\u00e7\u00e3o durou aproximadamente quatro minutos.<\/p>\n\n\n\n<p>L\u00edder da esquerda por 11 anos, o pol\u00edtico foi condenado a pagar uma multa de aproximadamente 250 euros (R$ 1,3 mil). Nas redes sociais, Bjornar lamentou o ocorrido e ressaltou seus \u201cfeitos\u201d enquanto esteve liderando o partido Rodt.<\/p>\n\n\n\n<p>Ap\u00f3s a ren\u00fancia, quem assume como l\u00edder do partido \u00e9 Marie Sneve Martinussen.<\/p>\n\n\n\n<p><strong>Assista:<\/strong><\/p>\n\n\n\n<figure class=\"wp-block-embed is-type-video is-provider-youtube wp-block-embed-youtube wp-embed-aspect-16-9 wp-has-aspect-ratio\"><div class=\"wp-block-embed__wrapper\">\n<iframe loading=\"lazy\" title=\"Se hele opptaket her\" width=\"630\" height=\"354\" src=\"https:\/\/www.youtube.com\/embed\/ZarAElpjyDs?feature=oembed\" frameborder=\"0\" allow=\"accelerometer; autoplay; clipboard-write; encrypted-media; gyroscope; picture-in-picture; web-share\" allowfullscreen><\/iframe>\n<\/div><\/figure>\n","protected":false},"excerpt":{"rendered":"<p>Ap\u00f3s ter sido flagrado roubando um \u00f3culos de sol, em uma loja do Aeroporto de Oslo Gardermoen, na capital da Noruega, o deputado noruegu\u00eas Bjornar Moxnes e l\u00edder do partido de esquerda Rodt (Vermelho) renunciou ao seu cargo. A decis\u00e3o foi compartilhada em seu perfil do Facebook, na \u00faltima segunda-feira (24). Nas imagens que registraram [&hellip;]<\/p>\n","protected":false},"author":2,"featured_media":16607,"comment_status":"open","ping_status":"open","sticky":false,"template":"","format":"standard","meta":[],"categories":[16],"tags":[],"_links":{"self":[{"href":"https:\/\/dgospel.com.br\/portal\/index.php\/wp-json\/wp\/v2\/posts\/16606"}],"collection":[{"href":"https:\/\/dgospel.com.br\/portal\/index.php\/wp-json\/wp\/v2\/posts"}],"about":[{"href":"https:\/\/dgospel.com.br\/portal\/index.php\/wp-json\/wp\/v2\/types\/post"}],"author":[{"embeddable":true,"href":"https:\/\/dgospel.com.br\/portal\/index.php\/wp-json\/wp\/v2\/users\/2"}],"replies":[{"embeddable":true,"href":"https:\/\/dgospel.com.br\/portal\/index.php\/wp-json\/wp\/v2\/comments?post=16606"}],"version-history":[{"count":1,"href":"https:\/\/dgospel.com.br\/portal\/index.php\/wp-json\/wp\/v2\/posts\/16606\/revisions"}],"predecessor-version":[{"id":16608,"href":"https:\/\/dgospel.com.br\/portal\/index.php\/wp-json\/wp\/v2\/posts\/16606\/revisions\/16608"}],"wp:featuredmedia":[{"embeddable":true,"href":"https:\/\/dgospel.com.br\/portal\/index.php\/wp-json\/wp\/v2\/media\/16607"}],"wp:attachment":[{"href":"https:\/\/dgospel.com.br\/portal\/index.php\/wp-json\/wp\/v2\/media?parent=16606"}],"wp:term":[{"taxonomy":"category","embeddable":true,"href":"https:\/\/dgospel.com.br\/portal\/index.php\/wp-json\/wp\/v2\/categories?post=16606"},{"taxonomy":"post_tag","embeddable":true,"href":"https:\/\/dgospel.com.br\/portal\/index.php\/wp-json\/wp\/v2\/tags?post=16606"}],"curies":[{"name":"wp","href":"https:\/\/api.w.org\/{rel}","templated":true}]}}