{"id":16613,"date":"2023-07-29T08:57:49","date_gmt":"2023-07-29T11:57:49","guid":{"rendered":"http:\/\/dgospel.com.br\/portal\/?p=16613"},"modified":"2023-07-29T08:57:51","modified_gmt":"2023-07-29T11:57:51","slug":"governo-do-tocantins-participa-de-plano-de-acao-nacional-para-combate-ao-desmatamento-do-cerrado","status":"publish","type":"post","link":"https:\/\/dgospel.com.br\/portal\/index.php\/2023\/07\/29\/governo-do-tocantins-participa-de-plano-de-acao-nacional-para-combate-ao-desmatamento-do-cerrado\/","title":{"rendered":"Governo do Tocantins participa de plano de a\u00e7\u00e3o nacional para combate ao desmatamento do Cerrado"},"content":{"rendered":"\n<p>Os estados que comp\u00f5em o Matopiba (Maranh\u00e3o, Tocantins, Piau\u00ed e Bahia) se reuniram, nessa quarta-feira, 26, no Minist\u00e9rio do Meio Ambiente e Mudan\u00e7a do Clima, em Bras\u00edlia, e definiram um plano de trabalho integrado para enfrentar o desmatamento do bioma Cerrado, que vem apresentando \u00edndices de crescimento nesta regi\u00e3o. O secret\u00e1rio de Estado do Meio Ambiente e Recursos H\u00eddricos, Marcello Lelis; e o presidente do Instituto Natureza do Tocantins (Naturatins), Renato Jayme, participaram do encontro e apresentaram as a\u00e7\u00f5es do Tocantins para o plano.<\/p>\n\n\n\n<p>&#8220;Enquanto a Amaz\u00f4nia vem apresentando queda nos \u00edndices de desmatamento, o Cerrado ainda est\u00e1 sob press\u00e3o. O governo federal tem sido muito proativo para enfrentar o problema, porque poderia deixar a cargo dos estados, mas est\u00e1 chamando todos para conversar. Juntos, criamos esse plano de trabalho e tudo caminha para uma sintonia e para a consolida\u00e7\u00e3o de um pacto pela preserva\u00e7\u00e3o do Cerrado&#8221;, afirmou o secret\u00e1rio Marcello Lelis.<\/p>\n\n\n\n<p>Considerado o segundo maior bioma da Am\u00e9rica do Sul, o Cerrado&nbsp;\u00e9 tido como o ber\u00e7o das \u00e1guas do pa\u00eds, pois possui nascentes que abastecem todo o territ\u00f3rio brasileiro, como os rios S\u00e3o Francisco, Tocantins e Araguaia. Nesse cen\u00e1rio de relevante import\u00e2ncia nacional, o secret\u00e1rio Marcello Lelis ainda esclareceu que a regi\u00e3o do Matopiba \u00e9 uma das mais pressionadas pelo desmatamento. \u201cO Cerrado ocupa 87% do territ\u00f3rio tocantinense, o que traz para o estado uma grande responsabilidade na prote\u00e7\u00e3o deste bioma\u201d, pontuou.<\/p>\n\n\n\n<p><strong>Conselho da Amaz\u00f4nia<\/strong><\/p>\n\n\n\n<p>A agenda do secret\u00e1rio em Bras\u00edlia, nesta semana, tamb\u00e9m incluiu uma reuni\u00e3o do Conselho Orientador do Fundo Amaz\u00f4nia (Cofa), respons\u00e1vel pela gest\u00e3o no maior fundo internacional voltado para o meio ambiente. O Tocantins faz parte da Cofa e participou desse encontro que teve o objetivo de definir as diretrizes e os crit\u00e9rios para a distribui\u00e7\u00e3o dos R$ 3,9 bilh\u00f5es em recursos a serem aplicados em iniciativas relacionadas \u00e0 preserva\u00e7\u00e3o da floresta. Desse total, R$ 500 milh\u00f5es est\u00e3o comprometidos com projetos protocolados e, a partir desta semana, os demais valores j\u00e1 est\u00e3o dispon\u00edveis para a capta\u00e7\u00e3o, por parte dos estados. Essa foi a terceira reuni\u00e3o do Cofa desde a retomada do fundo, em janeiro.<\/p>\n\n\n\n<p>As diretrizes s\u00e3o baseadas no Plano de A\u00e7\u00e3o para Preven\u00e7\u00e3o e Controle do Desmatamento na Amaz\u00f4nia Legal (PPCDAm), lan\u00e7ado em junho pelo governo federal. Uma das diretrizes \u00e9 a possibilidade de munic\u00edpios terem acesso a recursos a partir de editais de chamamento p\u00fablico, o que n\u00e3o ocorria at\u00e9 ent\u00e3o, o valor m\u00ednimo de R$ 5 milh\u00f5es por projeto e o teto de 5% do saldo dispon\u00edvel no fundo. O Fundo Amaz\u00f4nia \u00e9 a maior iniciativa de REDD+ do planeta que conta com os R$ 3,9 bilh\u00f5es em caixa, doados pela Noruega e pela Alemanha. Por decis\u00e3o do governo anterior, o fundo ficou paralisado nos \u00faltimos quatro anos.<\/p>\n\n\n\n<p>O secret\u00e1rio Marcello Lelis esclareceu que o Tocantins j\u00e1 est\u00e1 pronto para apresentar um projeto. &#8220;A boa not\u00edcia \u00e9 que o Tocantins tem um projeto praticamente\u00a0 pronto, que ser\u00e1 apenas finalizado nas pr\u00f3ximas semanas. O nosso projeto \u00e9 voltado para monitoramento e controle do desmatamento, no valor de R$ 73 milh\u00f5es. Como este \u00e9 um tema priorit\u00e1rio para a\u00a0pol\u00edtica ambiental do pa\u00eds, eu penso que temos 99,9% de chance de aprovar esse projeto e trazer esses recursos para o Tocantins&#8221;, afirmou.<\/p>\n\n\n\n<p><img src=\"https:\/\/central.to.gov.br\/image\/340100?w=670&amp;h=383\"><\/p>\n\n\n\n<p>Estados que comp\u00f5em o Matopiba e o Minist\u00e9rio do Meio Ambiente e Mudan\u00e7as do Clima elaboraram plano de trabalho integrado de combate ao desmatamento no cerrado &#8211; Jaciara Fran\u00e7a\/Governo do Tocantins<\/p>\n\n\n\n<p><img src=\"https:\/\/central.to.gov.br\/image\/340099?w=670&amp;h=383\"><\/p>\n\n\n\n<p>Secret\u00e1rio da Semarh, Marcello Leis; o secret\u00e1rio extraordin\u00e1rio de desmatamento do Minist\u00e9rio do Meio Ambiente, Andr\u00e9 Lima; o presidente do Naturatins, Renato Jayme; e a diretora de Intelig\u00eancia Ambiental, Clima e Florestas da Semarh, Cristiane Peres, participaram do encontro e apresentaram as a\u00e7\u00f5es do Tocantins para o plano &#8211; Jaciara Fran\u00e7a\/Governo do Tocantins\u00a0<\/p>\n","protected":false},"excerpt":{"rendered":"<p>Os estados que comp\u00f5em o Matopiba (Maranh\u00e3o, Tocantins, Piau\u00ed e Bahia) se reuniram, nessa quarta-feira, 26, no Minist\u00e9rio do Meio Ambiente e Mudan\u00e7a do Clima, em Bras\u00edlia, e definiram um plano de trabalho integrado para enfrentar o desmatamento do bioma Cerrado, que vem apresentando \u00edndices de crescimento nesta regi\u00e3o. O secret\u00e1rio de Estado do Meio [&hellip;]<\/p>\n","protected":false},"author":2,"featured_media":16614,"comment_status":"open","ping_status":"open","sticky":false,"template":"","format":"standard","meta":[],"categories":[3],"tags":[13],"_links":{"self":[{"href":"https:\/\/dgospel.com.br\/portal\/index.php\/wp-json\/wp\/v2\/posts\/16613"}],"collection":[{"href":"https:\/\/dgospel.com.br\/portal\/index.php\/wp-json\/wp\/v2\/posts"}],"about":[{"href":"https:\/\/dgospel.com.br\/portal\/index.php\/wp-json\/wp\/v2\/types\/post"}],"author":[{"embeddable":true,"href":"https:\/\/dgospel.com.br\/portal\/index.php\/wp-json\/wp\/v2\/users\/2"}],"replies":[{"embeddable":true,"href":"https:\/\/dgospel.com.br\/portal\/index.php\/wp-json\/wp\/v2\/comments?post=16613"}],"version-history":[{"count":1,"href":"https:\/\/dgospel.com.br\/portal\/index.php\/wp-json\/wp\/v2\/posts\/16613\/revisions"}],"predecessor-version":[{"id":16615,"href":"https:\/\/dgospel.com.br\/portal\/index.php\/wp-json\/wp\/v2\/posts\/16613\/revisions\/16615"}],"wp:featuredmedia":[{"embeddable":true,"href":"https:\/\/dgospel.com.br\/portal\/index.php\/wp-json\/wp\/v2\/media\/16614"}],"wp:attachment":[{"href":"https:\/\/dgospel.com.br\/portal\/index.php\/wp-json\/wp\/v2\/media?parent=16613"}],"wp:term":[{"taxonomy":"category","embeddable":true,"href":"https:\/\/dgospel.com.br\/portal\/index.php\/wp-json\/wp\/v2\/categories?post=16613"},{"taxonomy":"post_tag","embeddable":true,"href":"https:\/\/dgospel.com.br\/portal\/index.php\/wp-json\/wp\/v2\/tags?post=16613"}],"curies":[{"name":"wp","href":"https:\/\/api.w.org\/{rel}","templated":true}]}}