{"id":16619,"date":"2023-07-29T09:04:26","date_gmt":"2023-07-29T12:04:26","guid":{"rendered":"http:\/\/dgospel.com.br\/portal\/?p=16619"},"modified":"2023-07-29T09:04:27","modified_gmt":"2023-07-29T12:04:27","slug":"governo-do-tocantins-impulsiona-abertura-de-empresas-no-estado","status":"publish","type":"post","link":"https:\/\/dgospel.com.br\/portal\/index.php\/2023\/07\/29\/governo-do-tocantins-impulsiona-abertura-de-empresas-no-estado\/","title":{"rendered":"Governo do Tocantins impulsiona abertura de empresas no Estado"},"content":{"rendered":"\n<p>No cen\u00e1rio do empreendedorismo brasileiro, o Tocantins se destaca por sua agilidade na abertura de empresas. De acordo com o \u00faltimo ranking do Governo Federal, referente ao m\u00eas de junho, o Tocantins figura na sexta posi\u00e7\u00e3o entre os estados mais r\u00e1pidos para se abrir uma empresa no pa\u00eds.&nbsp;<\/p>\n\n\n\n<p>Um dos principais diferenciais \u00e9 o tempo m\u00e9dio de registro de uma empresa na Junta Comercial do Estado do Tocantins (Jucetins), que atualmente leva apenas 3 horas, 11 minutos e 9 segundos. Essa celeridade \u00e9 um fator crucial para atrair novos investidores.<\/p>\n\n\n\n<p>Tanto \u00e9 que, no primeiro semestre de 2023, o Tocantins registrou aumento no n\u00famero de abertura de empresas em compara\u00e7\u00e3o com o mesmo per\u00edodo do ano anterior. Enquanto no primeiro semestre de 2022 foram abertas 13.905 empresas, neste ano, j\u00e1 foram registrados 14.146 novos neg\u00f3cios.<\/p>\n\n\n\n<p><strong>Agilidade<\/strong><\/p>\n\n\n\n<p>O tempo m\u00e9dio total para abertura de um novo empreendimento no Estado \u00e9 de 13 horas, 02 minutos e 56 segundos. Esta m\u00e9dia considera, al\u00e9m do tempo da Jucetins, a dura\u00e7\u00e3o dos processos de viabilidade e a obten\u00e7\u00e3o do CNPJ, que podem variar de acordo com os munic\u00edpios e a Receita Federal.<\/p>\n\n\n\n<p>Este resultado garante, ao Tocantins, o sexto lugar no ranking nacional. \u201cAbrir uma empresa aqui \u00e9 mais r\u00e1pido do que nunca. Com um ambiente de neg\u00f3cios favor\u00e1vel e processos simplificados, o Estado tornou-se refer\u00eancia para quem busca rapidez e efici\u00eancia\u201d, frisa o presidente da Jucetins, Issam Saado.<\/p>\n\n\n\n<p><strong>Gest\u00e3o<\/strong><\/p>\n\n\n\n<p>Issam Saado assumiu a presid\u00eancia da Autarquia no in\u00edcio deste ano ao lado do vice-presidente Juarez Rigol. \u201cA Jucetins tem um corpo t\u00e9cnico muito competente, que j\u00e1 consegue resultados expressivos para o Estado. Agora, estamos evoluindo ainda mais, de forma a tornar mais \u00e1gil e eficiente o processo de registro e legaliza\u00e7\u00e3o de empresas\u201d, informa o presidente.<\/p>\n\n\n\n<p>\u201cO governador Wanderlei Barbosa nos determina a investir em medidas que reduzem a burocracia, para que o cidad\u00e3o possa empreender de forma descomplicada e sem perder tempo&#8221;, complementa Issam.<\/p>\n\n\n\n<p>Para o vice-presidente Juarez Rigol, a Jucetins se destaca pela efici\u00eancia. \u201cGra\u00e7as \u00e0 tecnologia e \u00e0 atua\u00e7\u00e3o incisiva do Governo do Tocantins, empreendedores encontram na Jucetins um verdadeiro parceiro para concretizar seus sonhos de neg\u00f3cio\u201d, afirma.<\/p>\n\n\n\n<p><strong>Parceria<\/strong><\/p>\n\n\n\n<p>Para potencializar ainda mais o cen\u00e1rio empreendedor do Tocantins, a Jucetins estabeleceu uma parceria com o Servi\u00e7o de Apoio \u00e0s Micro e Pequenas Empresas do Estado do Tocantins (Sebrae\/TO), por meio de um Termo de Coopera\u00e7\u00e3o T\u00e9cnica.<\/p>\n\n\n\n<p>Esta parceria visa estreitar as rela\u00e7\u00f5es entre as institui\u00e7\u00f5es e promover a\u00e7\u00f5es conjuntas que beneficiem os empreendedores locais. Dentre as iniciativas previstas, destaca-se a automatiza\u00e7\u00e3o de processos para diminuir ainda o tempo para abertura de empresas.<\/p>\n\n\n\n<p><strong>Engajamento nacional<\/strong><\/p>\n\n\n\n<p>Al\u00e9m de focar nas melhorias locais, a Jucetins tamb\u00e9m se engajou em debates nacionais sobre a moderniza\u00e7\u00e3o do ambiente de neg\u00f3cios no Brasil. Durante o primeiro semestre de 2023, o vice-presidente Juarez Rigol, o secret\u00e1rio-geral Erlan Milhomem e a procuradora jur\u00eddica Mariana Sampaio participaram de reuni\u00f5es organizadas pela Federa\u00e7\u00e3o Nacional das Juntas Comerciais (Fenaju).<\/p>\n\n\n\n<p>O objetivo desses encontros foi alinhar a\u00e7\u00f5es estrat\u00e9gicas para simplificar o registro empresarial em todos os estados, buscando a efici\u00eancia e a desburocratiza\u00e7\u00e3o dos processos em \u00e2mbito nacional.<\/p>\n\n\n\n<p><img src=\"https:\/\/central.to.gov.br\/image\/340118?w=670&amp;h=383\"><\/p>\n\n\n\n<p>Presidente Issam Saado (ao centro) e o vice Juarez Rigol (\u00e0 direita), assumiram a Jucetins no primeiro semestre de 2023 &#8211; Philipe Ramos\/Governo do Tocantins<\/p>\n\n\n\n<p><img src=\"https:\/\/central.to.gov.br\/image\/340119?w=670&amp;h=383\"><\/p>\n\n\n\n<p>Tocantins se destaca por sua agilidade na abertura de empresas &#8211; Tharson Lopes\/Governo do Tocantins<\/p>\n\n\n\n<p><img src=\"https:\/\/central.to.gov.br\/image\/340120?w=670&amp;h=383\"><\/p>\n\n\n\n<p>Presidente da autarquia Issam Saado destaca que a Jucetins consegue resultados expressivos para o Estado &#8211; Philipe Ramos\/Governo do Tocantins\u00a0<\/p>\n","protected":false},"excerpt":{"rendered":"<p>No cen\u00e1rio do empreendedorismo brasileiro, o Tocantins se destaca por sua agilidade na abertura de empresas. De acordo com o \u00faltimo ranking do Governo Federal, referente ao m\u00eas de junho, o Tocantins figura na sexta posi\u00e7\u00e3o entre os estados mais r\u00e1pidos para se abrir uma empresa no pa\u00eds.&nbsp; Um dos principais diferenciais \u00e9 o tempo [&hellip;]<\/p>\n","protected":false},"author":2,"featured_media":16620,"comment_status":"open","ping_status":"open","sticky":false,"template":"","format":"standard","meta":[],"categories":[3],"tags":[13],"_links":{"self":[{"href":"https:\/\/dgospel.com.br\/portal\/index.php\/wp-json\/wp\/v2\/posts\/16619"}],"collection":[{"href":"https:\/\/dgospel.com.br\/portal\/index.php\/wp-json\/wp\/v2\/posts"}],"about":[{"href":"https:\/\/dgospel.com.br\/portal\/index.php\/wp-json\/wp\/v2\/types\/post"}],"author":[{"embeddable":true,"href":"https:\/\/dgospel.com.br\/portal\/index.php\/wp-json\/wp\/v2\/users\/2"}],"replies":[{"embeddable":true,"href":"https:\/\/dgospel.com.br\/portal\/index.php\/wp-json\/wp\/v2\/comments?post=16619"}],"version-history":[{"count":1,"href":"https:\/\/dgospel.com.br\/portal\/index.php\/wp-json\/wp\/v2\/posts\/16619\/revisions"}],"predecessor-version":[{"id":16621,"href":"https:\/\/dgospel.com.br\/portal\/index.php\/wp-json\/wp\/v2\/posts\/16619\/revisions\/16621"}],"wp:featuredmedia":[{"embeddable":true,"href":"https:\/\/dgospel.com.br\/portal\/index.php\/wp-json\/wp\/v2\/media\/16620"}],"wp:attachment":[{"href":"https:\/\/dgospel.com.br\/portal\/index.php\/wp-json\/wp\/v2\/media?parent=16619"}],"wp:term":[{"taxonomy":"category","embeddable":true,"href":"https:\/\/dgospel.com.br\/portal\/index.php\/wp-json\/wp\/v2\/categories?post=16619"},{"taxonomy":"post_tag","embeddable":true,"href":"https:\/\/dgospel.com.br\/portal\/index.php\/wp-json\/wp\/v2\/tags?post=16619"}],"curies":[{"name":"wp","href":"https:\/\/api.w.org\/{rel}","templated":true}]}}