{"id":16622,"date":"2023-07-29T12:13:39","date_gmt":"2023-07-29T15:13:39","guid":{"rendered":"http:\/\/dgospel.com.br\/portal\/?p=16622"},"modified":"2023-07-29T12:13:41","modified_gmt":"2023-07-29T15:13:41","slug":"nova-resolucao-do-governo-lula-defende-aborto-e-maconha","status":"publish","type":"post","link":"https:\/\/dgospel.com.br\/portal\/index.php\/2023\/07\/29\/nova-resolucao-do-governo-lula-defende-aborto-e-maconha\/","title":{"rendered":"Nova resolu\u00e7\u00e3o do governo Lula defende aborto e maconha"},"content":{"rendered":"\n<p>Autoridades da Sa\u00fade do governo de Luiz In\u00e1cio Lula da Silva estiveram reunidas na 7\u00aa Confer\u00eancia Nacional de Sa\u00fade para definirem as prioridades do setor para os pr\u00f3ximos anos.<\/p>\n\n\n\n<p>No final deste encontro, o Conselho Nacional de Sa\u00fade lan\u00e7ou a resolu\u00e7\u00e3o 715 com dezenas de orienta\u00e7\u00f5es para as pol\u00edticas de sa\u00fade, incluindo a legaliza\u00e7\u00e3o do aborto, legaliza\u00e7\u00e3o da maconha e at\u00e9 cirurgia de mudan\u00e7a de sexo para menores a partir de 14 anos.\u00a0<a rel=\"noreferrer noopener\" href=\"https:\/\/conselho.saude.gov.br\/images\/Resolucoes\/2023corrigidas\/Reso715_-_Disp%C3%B5e_sobre_orienta%C3%A7%C3%B5es_estrat%C3%A9gicas_da_17%C2%AA_CNS_para_o_PPA_e_PNS.pdf\" target=\"_blank\">Leia o documento na \u00edntegra<\/a>.<\/p>\n\n\n\n<p>A quest\u00e3o do aborto e da maconha \u00e9 tratada na p\u00e1gina 12 do documento, no ponto de n\u00famero 49 que diz: \u201cGarantir a intersetorialidade nas a\u00e7\u00f5es de sa\u00fade para o combate \u00e0s desigualdades estruturais e hist\u00f3ricas, com a amplia\u00e7\u00e3o de pol\u00edticas sociais e de transfer\u00eancia de renda, com a legaliza\u00e7\u00e3o do aborto e a legaliza\u00e7\u00e3o da maconha no Brasil\u201d.<\/p>\n\n\n\n<p>A quest\u00e3o do tratamento hormonal para mudan\u00e7a de g\u00eanero \u00e9 tratada na mesma p\u00e1gina, mas no ponto 44 que prev\u00ea uma atualiza\u00e7\u00e3o na Pol\u00edtica Nacional de Sa\u00fade Integral LGBTIA+ que prev\u00ea definir linhas de cuidado para esse grupo.<\/p>\n\n\n\n<p>Em parte do texto \u00e9 poss\u00edvel ler: \u201cGarantia de acesso e acompanhamento da hormonioterapia em popula\u00e7\u00f5es de pessoas travestis e transg\u00eaneras, pesquisas, atualiza\u00e7\u00e3o dos protocolos e redu\u00e7\u00e3o da idade de in\u00edcio de hormoniza\u00e7\u00e3o para 14 anos\u201d.<\/p>\n\n\n\n<p>No ponto 45, o governo prop\u00f5e \u201cgarantir os direitos sexuais e os direitos reprodutivos das mulheres, meninas e pessoas que podem gestar tendo por base a justi\u00e7a reprodutiva e aten\u00e7\u00e3o \u00e0 sa\u00fade segundo os princ\u00edpios do SUS, considerando os direitos das pessoas que menstruam e daquelas que est\u00e3o na menopausa e em transi\u00e7\u00e3o de g\u00eanero, tendo em conta, no sistema de sa\u00fade, a equidade, igualdade com interseccionalidade de g\u00eanero, ra\u00e7a\/etnia, defici\u00eancia, lugar social e outras\u201d.<\/p>\n\n\n\n<p>O termo \u201cpessoas que menstruam\u201d \u00e9 utilizado para se referir a mulheres biol\u00f3gicas que hoje se identificam como homens trans ou como pessoas n\u00e3o bin\u00e1rias.<\/p>\n\n\n\n<p>No come\u00e7o da resolu\u00e7\u00e3o, ponto de n\u00famero 6, o governo prop\u00f5e \u201ca\u00e7\u00f5es que promovam a comunica\u00e7\u00e3o e educa\u00e7\u00e3o em sa\u00fade de modo intersetorial para o combate \u00e0 desinforma\u00e7\u00e3o e o incentivo \u00e0 vacina\u00e7\u00e3o, para recuperar as altas coberturas vacinais\u201d.<\/p>\n\n\n\n<p>O documento tem 14 p\u00e1ginas e 59 propostas que devem ser trabalhadas pelo Minist\u00e9rio da Sa\u00fade neste governo.<\/p>\n","protected":false},"excerpt":{"rendered":"<p>Autoridades da Sa\u00fade do governo de Luiz In\u00e1cio Lula da Silva estiveram reunidas na 7\u00aa Confer\u00eancia Nacional de Sa\u00fade para definirem as prioridades do setor para os pr\u00f3ximos anos. No final deste encontro, o Conselho Nacional de Sa\u00fade lan\u00e7ou a resolu\u00e7\u00e3o 715 com dezenas de orienta\u00e7\u00f5es para as pol\u00edticas de sa\u00fade, incluindo a legaliza\u00e7\u00e3o do [&hellip;]<\/p>\n","protected":false},"author":2,"featured_media":16623,"comment_status":"open","ping_status":"open","sticky":false,"template":"","format":"standard","meta":[],"categories":[4],"tags":[],"_links":{"self":[{"href":"https:\/\/dgospel.com.br\/portal\/index.php\/wp-json\/wp\/v2\/posts\/16622"}],"collection":[{"href":"https:\/\/dgospel.com.br\/portal\/index.php\/wp-json\/wp\/v2\/posts"}],"about":[{"href":"https:\/\/dgospel.com.br\/portal\/index.php\/wp-json\/wp\/v2\/types\/post"}],"author":[{"embeddable":true,"href":"https:\/\/dgospel.com.br\/portal\/index.php\/wp-json\/wp\/v2\/users\/2"}],"replies":[{"embeddable":true,"href":"https:\/\/dgospel.com.br\/portal\/index.php\/wp-json\/wp\/v2\/comments?post=16622"}],"version-history":[{"count":1,"href":"https:\/\/dgospel.com.br\/portal\/index.php\/wp-json\/wp\/v2\/posts\/16622\/revisions"}],"predecessor-version":[{"id":16624,"href":"https:\/\/dgospel.com.br\/portal\/index.php\/wp-json\/wp\/v2\/posts\/16622\/revisions\/16624"}],"wp:featuredmedia":[{"embeddable":true,"href":"https:\/\/dgospel.com.br\/portal\/index.php\/wp-json\/wp\/v2\/media\/16623"}],"wp:attachment":[{"href":"https:\/\/dgospel.com.br\/portal\/index.php\/wp-json\/wp\/v2\/media?parent=16622"}],"wp:term":[{"taxonomy":"category","embeddable":true,"href":"https:\/\/dgospel.com.br\/portal\/index.php\/wp-json\/wp\/v2\/categories?post=16622"},{"taxonomy":"post_tag","embeddable":true,"href":"https:\/\/dgospel.com.br\/portal\/index.php\/wp-json\/wp\/v2\/tags?post=16622"}],"curies":[{"name":"wp","href":"https:\/\/api.w.org\/{rel}","templated":true}]}}