{"id":16628,"date":"2023-07-31T10:06:52","date_gmt":"2023-07-31T13:06:52","guid":{"rendered":"http:\/\/dgospel.com.br\/portal\/?p=16628"},"modified":"2023-07-31T10:06:53","modified_gmt":"2023-07-31T13:06:53","slug":"deputados-de-direita-apresentam-projeto-para-sustar-resolucao-pro-aborto-do-governo-lula","status":"publish","type":"post","link":"https:\/\/dgospel.com.br\/portal\/index.php\/2023\/07\/31\/deputados-de-direita-apresentam-projeto-para-sustar-resolucao-pro-aborto-do-governo-lula\/","title":{"rendered":"Deputados de direita apresentam projeto para sustar resolu\u00e7\u00e3o pr\u00f3-aborto do governo Lula"},"content":{"rendered":"\n<p>A deputada federal Chris Tonietto (PL-RJ) apresentou um projeto de decreto legislativo (PDL) para sustar a resolu\u00e7\u00e3o 715 do Conselho Nacional de Sa\u00fade que versa sobre a legaliza\u00e7\u00e3o do aborto e da maconha no Brasil e a redu\u00e7\u00e3o da idade m\u00ednima para a mudan\u00e7a de g\u00eanero.<\/p>\n\n\n\n<p>Outros deputados conservadores assinaram o PDL 198\/2023 alegando que, o fato do CNS fazer parte do Minist\u00e9rio da Sa\u00fade, ele tem v\u00ednculo com o governo federal e pode ter seus efeitos suspensos pelo Congresso Nacional.<\/p>\n\n\n\n<p>No texto, os deputados afirmam que o CNS, al\u00e9m de promover ideologias em vez de pol\u00edticas p\u00fablicas para a \u00e1rea da sa\u00fade, a resolu\u00e7\u00e3o traz assuntos alheios \u00e0s compet\u00eancias do \u00f3rg\u00e3o.<\/p>\n\n\n\n<p>O PDL vai explicar que o Conselho e a Confer\u00eancia Nacional de Sa\u00fade t\u00eam por fun\u00e7\u00e3o avaliar e controlar a execu\u00e7\u00e3o das pol\u00edticas p\u00fablicas relativas \u00e0 \u00e1rea de sa\u00fade, mas n\u00e3o est\u00e3o autorizados a \u201cincitar atividade criminosa, como \u00e9 o caso do aborto e do uso de drogas il\u00edcitas, havendo, a\u00ed, grave afronta aos princ\u00edpios da legalidade, da moralidade e da finalidade dos atos da Administra\u00e7\u00e3o P\u00fablica\u201d.<\/p>\n\n\n\n<p>O documento foca em sustar as orienta\u00e7\u00f5es de n\u00fameros 44 e 49 que tratam sobre o tratamento hormonal para pessoas transg\u00eaneros, sobre o aborto e sobre a maconha.<\/p>\n\n\n\n<p>Cinquenta e tr\u00eas deputados assinaram o PDL, entre eles Priscila Costa (PL-CE), Nikolas Ferreira (PL-MG), Marcel van Hattem (NOVO-RS), Gilson Marques (NOVO-SC), Ros\u00e2ngela Moro (Uni\u00e3o Brasil-SP), Andr\u00e9 Fernandes (PL-CE), Zucco (Republicanos-RS), Carla Zambelli (PL-SP), Reinhold Stephanes (PSD-PR), S\u00f3stenes Cavalcante (PL-RJ) e Pr. Marco Feliciano (PL-SP).<\/p>\n","protected":false},"excerpt":{"rendered":"<p>A deputada federal Chris Tonietto (PL-RJ) apresentou um projeto de decreto legislativo (PDL) para sustar a resolu\u00e7\u00e3o 715 do Conselho Nacional de Sa\u00fade que versa sobre a legaliza\u00e7\u00e3o do aborto e da maconha no Brasil e a redu\u00e7\u00e3o da idade m\u00ednima para a mudan\u00e7a de g\u00eanero. Outros deputados conservadores assinaram o PDL 198\/2023 alegando que, [&hellip;]<\/p>\n","protected":false},"author":2,"featured_media":16629,"comment_status":"open","ping_status":"open","sticky":false,"template":"","format":"standard","meta":[],"categories":[8],"tags":[],"_links":{"self":[{"href":"https:\/\/dgospel.com.br\/portal\/index.php\/wp-json\/wp\/v2\/posts\/16628"}],"collection":[{"href":"https:\/\/dgospel.com.br\/portal\/index.php\/wp-json\/wp\/v2\/posts"}],"about":[{"href":"https:\/\/dgospel.com.br\/portal\/index.php\/wp-json\/wp\/v2\/types\/post"}],"author":[{"embeddable":true,"href":"https:\/\/dgospel.com.br\/portal\/index.php\/wp-json\/wp\/v2\/users\/2"}],"replies":[{"embeddable":true,"href":"https:\/\/dgospel.com.br\/portal\/index.php\/wp-json\/wp\/v2\/comments?post=16628"}],"version-history":[{"count":1,"href":"https:\/\/dgospel.com.br\/portal\/index.php\/wp-json\/wp\/v2\/posts\/16628\/revisions"}],"predecessor-version":[{"id":16630,"href":"https:\/\/dgospel.com.br\/portal\/index.php\/wp-json\/wp\/v2\/posts\/16628\/revisions\/16630"}],"wp:featuredmedia":[{"embeddable":true,"href":"https:\/\/dgospel.com.br\/portal\/index.php\/wp-json\/wp\/v2\/media\/16629"}],"wp:attachment":[{"href":"https:\/\/dgospel.com.br\/portal\/index.php\/wp-json\/wp\/v2\/media?parent=16628"}],"wp:term":[{"taxonomy":"category","embeddable":true,"href":"https:\/\/dgospel.com.br\/portal\/index.php\/wp-json\/wp\/v2\/categories?post=16628"},{"taxonomy":"post_tag","embeddable":true,"href":"https:\/\/dgospel.com.br\/portal\/index.php\/wp-json\/wp\/v2\/tags?post=16628"}],"curies":[{"name":"wp","href":"https:\/\/api.w.org\/{rel}","templated":true}]}}