{"id":16631,"date":"2023-07-31T10:22:14","date_gmt":"2023-07-31T13:22:14","guid":{"rendered":"http:\/\/dgospel.com.br\/portal\/?p=16631"},"modified":"2023-07-31T10:22:15","modified_gmt":"2023-07-31T13:22:15","slug":"governo-bloqueia-r-15-bi-do-orcamento-saude-e-educacao-sao-as-areas-mais-afetadas","status":"publish","type":"post","link":"https:\/\/dgospel.com.br\/portal\/index.php\/2023\/07\/31\/governo-bloqueia-r-15-bi-do-orcamento-saude-e-educacao-sao-as-areas-mais-afetadas\/","title":{"rendered":"Governo bloqueia R$ 1,5 bi do or\u00e7amento; Sa\u00fade e Educa\u00e7\u00e3o s\u00e3o as \u00e1reas mais afetadas"},"content":{"rendered":"\n<p>Os minist\u00e9rios da&nbsp;Sa\u00fade&nbsp;e&nbsp;Educa\u00e7\u00e3o&nbsp;ficaram com 52,3% do novo bloqueio or\u00e7ament\u00e1rio de R$ 1,5 bilh\u00e3o feito pelo governo federal. O contingenciamento das despesas discricion\u00e1rias foi de R$ 452 milh\u00f5es na Sa\u00fade e R$332 milh\u00f5es na Educa\u00e7\u00e3o.<\/p>\n\n\n\n<p>A medida foi publicada em edi\u00e7\u00e3o extra do Di\u00e1rio Oficial da Uni\u00e3o na noite da sexta-feira (28).<\/p>\n\n\n\n<p>Em 2023, os bloqueios no or\u00e7amento da Uni\u00e3o somam R$ 3,2 bilh\u00f5es, feitos para cumprir o teto de gastos.&nbsp;O bloqueio adicional j\u00e1 tinha sido anunciado&nbsp;pelos minist\u00e9rios da Fazenda e do Planejamento na semana passada, em 21 de julho.<\/p>\n\n\n\n<p>Os R$ 3,2 bilh\u00f5es contingenciados n\u00e3o atingem gastos obrigat\u00f3rios, apenas os discricion\u00e1rios, que s\u00e3o aqueles que o governo pode decidir o melhor momento para destinar o dinheiro.<\/p>\n\n\n\n<p>O Relat\u00f3rio de Avalia\u00e7\u00e3o de Receitas e Despesas do 3\u00ba bimestre, que apresentou o bloqueio, tamb\u00e9m alterou a estimativa de d\u00e9ficit prim\u00e1rio total de 2023 para R$ 145,4 bilh\u00f5es. No relat\u00f3rio bimestral anterior a estimativa de rombo total era de R$ 136,2 bilh\u00f5es.<\/p>\n\n\n\n<p>Al\u00e9m de Sa\u00fade e Educa\u00e7\u00e3o, o novo bloqueio de R$1,5 bilh\u00e3o atingiu os or\u00e7amentos de outras oito pastas. Confira:<\/p>\n\n\n\n<ul><li>Sa\u00fade: R$ 452 milh\u00f5es;<\/li><li>Educa\u00e7\u00e3o: R$ 333 milh\u00f5es;<\/li><li>Transportes: R$ 217 milh\u00f5es;<\/li><li>Desenvolvimento e Assist\u00eancia Social, Fam\u00edlia e Combate \u00e0 Fome: R$ 144 milh\u00f5es;<\/li><li>Cidades: R$ 144 milh\u00f5es;<\/li><li>Meio Ambiente: R$ 97,5 milh\u00f5es;<\/li><li>Integra\u00e7\u00e3o e Desenvolvimento Regional: R$ 60 milh\u00f5es;<\/li><li>Defesa: R$ 35 milh\u00f5es;\u2022 Cultura: R$ 27 milh\u00f5es;<\/li><li>Desenvolvimento Agr\u00e1rio: R$ 24 milh\u00f5es.<\/li><\/ul>\n\n\n\n<p>Em maio, o governo federal fez o primeiro bloqueio, no valor de R$ 1,7 bilh\u00e3o, e os minist\u00e9rios mais atingidos foram o de Cidades, Transporte e Desenvolvimento e Assist\u00eancia Social, Fam\u00edlia e Combate \u00e0 Fome. Na ocasi\u00e3o, Sa\u00fade e Educa\u00e7\u00e3o foram poupadas.<\/p>\n","protected":false},"excerpt":{"rendered":"<p>Os minist\u00e9rios da&nbsp;Sa\u00fade&nbsp;e&nbsp;Educa\u00e7\u00e3o&nbsp;ficaram com 52,3% do novo bloqueio or\u00e7ament\u00e1rio de R$ 1,5 bilh\u00e3o feito pelo governo federal. O contingenciamento das despesas discricion\u00e1rias foi de R$ 452 milh\u00f5es na Sa\u00fade e R$332 milh\u00f5es na Educa\u00e7\u00e3o. A medida foi publicada em edi\u00e7\u00e3o extra do Di\u00e1rio Oficial da Uni\u00e3o na noite da sexta-feira (28). Em 2023, os bloqueios [&hellip;]<\/p>\n","protected":false},"author":2,"featured_media":16632,"comment_status":"open","ping_status":"open","sticky":false,"template":"","format":"standard","meta":[],"categories":[10],"tags":[],"_links":{"self":[{"href":"https:\/\/dgospel.com.br\/portal\/index.php\/wp-json\/wp\/v2\/posts\/16631"}],"collection":[{"href":"https:\/\/dgospel.com.br\/portal\/index.php\/wp-json\/wp\/v2\/posts"}],"about":[{"href":"https:\/\/dgospel.com.br\/portal\/index.php\/wp-json\/wp\/v2\/types\/post"}],"author":[{"embeddable":true,"href":"https:\/\/dgospel.com.br\/portal\/index.php\/wp-json\/wp\/v2\/users\/2"}],"replies":[{"embeddable":true,"href":"https:\/\/dgospel.com.br\/portal\/index.php\/wp-json\/wp\/v2\/comments?post=16631"}],"version-history":[{"count":1,"href":"https:\/\/dgospel.com.br\/portal\/index.php\/wp-json\/wp\/v2\/posts\/16631\/revisions"}],"predecessor-version":[{"id":16633,"href":"https:\/\/dgospel.com.br\/portal\/index.php\/wp-json\/wp\/v2\/posts\/16631\/revisions\/16633"}],"wp:featuredmedia":[{"embeddable":true,"href":"https:\/\/dgospel.com.br\/portal\/index.php\/wp-json\/wp\/v2\/media\/16632"}],"wp:attachment":[{"href":"https:\/\/dgospel.com.br\/portal\/index.php\/wp-json\/wp\/v2\/media?parent=16631"}],"wp:term":[{"taxonomy":"category","embeddable":true,"href":"https:\/\/dgospel.com.br\/portal\/index.php\/wp-json\/wp\/v2\/categories?post=16631"},{"taxonomy":"post_tag","embeddable":true,"href":"https:\/\/dgospel.com.br\/portal\/index.php\/wp-json\/wp\/v2\/tags?post=16631"}],"curies":[{"name":"wp","href":"https:\/\/api.w.org\/{rel}","templated":true}]}}