{"id":16637,"date":"2023-08-02T23:25:02","date_gmt":"2023-08-03T02:25:02","guid":{"rendered":"http:\/\/dgospel.com.br\/portal\/?p=16637"},"modified":"2023-08-02T23:25:04","modified_gmt":"2023-08-03T02:25:04","slug":"tcu-arquiva-processo-que-pede-suspensao-do-salario-de-bolsonaro-no-pl","status":"publish","type":"post","link":"https:\/\/dgospel.com.br\/portal\/index.php\/2023\/08\/02\/tcu-arquiva-processo-que-pede-suspensao-do-salario-de-bolsonaro-no-pl\/","title":{"rendered":"TCU arquiva processo que pede suspens\u00e3o do sal\u00e1rio de Bolsonaro no PL"},"content":{"rendered":"\n<p>O Tribunal de Contas da Uni\u00e3o (TCU) decidiu nesta quarta-feira (2) arquivar o pedido do subprocurador-geral Lucas Rocha Furtado para suspender o sal\u00e1rio de quase R$ 40 mil pagos ao ex-presidente Jair Bolsonaro pelo Partido Liberal (PL). O tribunal concluiu que n\u00e3o possui a compet\u00eancia necess\u00e1ria para julgar o assunto, que \u00e9 da jurisdi\u00e7\u00e3o da Justi\u00e7a Eleitoral.<\/p>\n\n\n\n<p><a href=\"https:\/\/www.assembleia.pr.leg.br\/assembleia-itinerante\/sugestao-de-melhorias-para-sua-cidade\" target=\"_blank\" rel=\"noreferrer noopener\"><\/a><\/p>\n\n\n\n<p>Na decis\u00e3o, o TCU faz refer\u00eancia \u00e0 Constitui\u00e7\u00e3o Federal, que estabelece que a responsabilidade pela an\u00e1lise das contas dos partidos pol\u00edticos \u00e9 da Justi\u00e7a Eleitoral, constitu\u00edda pelos tribunais eleitorais e o Tribunal Superior Eleitoral (TSE). A jurisprud\u00eancia do TSE tamb\u00e9m foi citada, esclarecendo que a inelegibilidade n\u00e3o impede o exerc\u00edcio de outros direitos pol\u00edticos, como a participa\u00e7\u00e3o em partidos.<\/p>\n\n\n\n<p>O suposto pagamento irregular do PL a Bolsonaro foi questionado ap\u00f3s o julgamento do TSE que declarou a inelegibilidade do ex-presidente. Diante disso, o TCU decidiu encaminhar uma c\u00f3pia do processo para a Corregedoria Geral Eleitoral do TSE e a Procuradoria Geral da Rep\u00fablica do MPF para as devidas investiga\u00e7\u00f5es e a\u00e7\u00f5es pertinentes.<\/p>\n\n\n\n<p>A decis\u00e3o pelo arquivamento do processo foi tomada pelo relator, o ministro Benjamin Zymler, e seguida por unanimidade pelos outros ministros do TCU. O processo foi votado em lista, indicando que os ju\u00edzes n\u00e3o chegaram a discutir o caso.<\/p>\n","protected":false},"excerpt":{"rendered":"<p>O Tribunal de Contas da Uni\u00e3o (TCU) decidiu nesta quarta-feira (2) arquivar o pedido do subprocurador-geral Lucas Rocha Furtado para suspender o sal\u00e1rio de quase R$ 40 mil pagos ao ex-presidente Jair Bolsonaro pelo Partido Liberal (PL). O tribunal concluiu que n\u00e3o possui a compet\u00eancia necess\u00e1ria para julgar o assunto, que \u00e9 da jurisdi\u00e7\u00e3o da [&hellip;]<\/p>\n","protected":false},"author":2,"featured_media":16638,"comment_status":"open","ping_status":"open","sticky":false,"template":"","format":"standard","meta":[],"categories":[4],"tags":[13],"_links":{"self":[{"href":"https:\/\/dgospel.com.br\/portal\/index.php\/wp-json\/wp\/v2\/posts\/16637"}],"collection":[{"href":"https:\/\/dgospel.com.br\/portal\/index.php\/wp-json\/wp\/v2\/posts"}],"about":[{"href":"https:\/\/dgospel.com.br\/portal\/index.php\/wp-json\/wp\/v2\/types\/post"}],"author":[{"embeddable":true,"href":"https:\/\/dgospel.com.br\/portal\/index.php\/wp-json\/wp\/v2\/users\/2"}],"replies":[{"embeddable":true,"href":"https:\/\/dgospel.com.br\/portal\/index.php\/wp-json\/wp\/v2\/comments?post=16637"}],"version-history":[{"count":1,"href":"https:\/\/dgospel.com.br\/portal\/index.php\/wp-json\/wp\/v2\/posts\/16637\/revisions"}],"predecessor-version":[{"id":16639,"href":"https:\/\/dgospel.com.br\/portal\/index.php\/wp-json\/wp\/v2\/posts\/16637\/revisions\/16639"}],"wp:featuredmedia":[{"embeddable":true,"href":"https:\/\/dgospel.com.br\/portal\/index.php\/wp-json\/wp\/v2\/media\/16638"}],"wp:attachment":[{"href":"https:\/\/dgospel.com.br\/portal\/index.php\/wp-json\/wp\/v2\/media?parent=16637"}],"wp:term":[{"taxonomy":"category","embeddable":true,"href":"https:\/\/dgospel.com.br\/portal\/index.php\/wp-json\/wp\/v2\/categories?post=16637"},{"taxonomy":"post_tag","embeddable":true,"href":"https:\/\/dgospel.com.br\/portal\/index.php\/wp-json\/wp\/v2\/tags?post=16637"}],"curies":[{"name":"wp","href":"https:\/\/api.w.org\/{rel}","templated":true}]}}