{"id":16640,"date":"2023-08-03T09:21:13","date_gmt":"2023-08-03T12:21:13","guid":{"rendered":"http:\/\/dgospel.com.br\/portal\/?p=16640"},"modified":"2023-08-03T12:01:42","modified_gmt":"2023-08-03T15:01:42","slug":"professor-proibe-aluna-de-ler-a-biblia-na-escola-causa-revolta-e-e-afastado","status":"publish","type":"post","link":"https:\/\/dgospel.com.br\/portal\/index.php\/2023\/08\/03\/professor-proibe-aluna-de-ler-a-biblia-na-escola-causa-revolta-e-e-afastado\/","title":{"rendered":"Professor pro\u00edbe aluna de ler a B\u00edblia na escola, causa revolta e \u00e9 afastado"},"content":{"rendered":"\n<p>Um caso de aparente&nbsp;<a href=\"https:\/\/noticias.gospelmais.com.br\/professora-critica-mudanca-de-sexo-aluno-demitida-162111.html\">discrimina\u00e7\u00e3o religiosa<\/a>&nbsp;causou revolta em alunos do Col\u00e9gio Estadual Amaro Cavalcanti, no Largo do Machado, Zona Sul do Rio de Janeiro, ap\u00f3s um professor proibir que uma aluna lesse a B\u00edblia no col\u00e9gio, mesmo estando durante o tempo livre, ou seja, fora do hor\u00e1rio de ensino.<\/p>\n\n\n\n<p>Segundo informa\u00e7\u00f5es do jornal O Globo, o professor teria liberado os alunos ap\u00f3s o fim de uma atividade. Eles, nesse tempo livre, poderiam fazer qualquer coisa, tanto que alguns tiraram fotos e utilizaram a internet.<\/p>\n\n\n\n<p>Ao ver que uma aluna, por\u00e9m, aproveitou o intervalo para ler a B\u00edblia, o professor reagiu com intoler\u00e2ncia: \u201cSe quer ler a b\u00edblia, v\u00e1 \u00e0 igreja, e n\u00e3o \u00e0 escola\u201d, teria dito o docente, que tamb\u00e9m proibiu a menina de levar o livro sagrado para o col\u00e9gio.<\/p>\n\n\n\n<p>A m\u00e3e da aluna tomou conhecimento do caso mediante um grupo no WhatsApp, e resolveu ir ao col\u00e9gio tomar provid\u00eancias. \u201cFui na escola para ouvir a dire\u00e7\u00e3o. Fui atendida por uma professora, que pediu desculpas, mas disse que n\u00e3o foi nada demais, que isso deve ter sido sem querer. Ainda falei: \u2018Preciso conversar com o professor, para saber o porqu\u00ea&#8217;\u201d, disse a m\u00e3e.<\/p>\n\n\n\n<p>Com base no relato de outros estudantes que presenciaram a discrimina\u00e7\u00e3o, a m\u00e3e disse que o professor \u201cestava tirando selfie com outras alunas, por que constrangeu minha filha de levar a b\u00edblia para a escola?\u201d.<\/p>\n\n\n\n<h2>Afastado<\/h2>\n\n\n\n<p>Segundo a m\u00e3e da aluna discriminada, outros estudantes tamb\u00e9m ficaram constrangidos, pois notaram a atitude errada do professor, o qual n\u00e3o teve o nome divulgado.<\/p>\n\n\n\n<p>\u201cQuero que ele seja afastado da escola, j\u00e1 que, assim como minha filha, muitos alunos n\u00e3o querem mais ter aula com ele\u201d, continuou a m\u00e3e. \u201cOs alunos falam que n\u00e3o \u00e9 a primeira vez que acontece, que ele chama os meninos at\u00e9 de burro. \u00c9 repugnante e revoltante, j\u00e1 que isso vem de algu\u00e9m que est\u00e1 ali para dar o exemplo\u201d.<\/p>\n\n\n\n<p>Uma colega da aluna v\u00edtima da discrimina\u00e7\u00e3o, confirmou o epis\u00f3dio, descrevendo o que aconteceu. \u201cTinha uns alunos conversando, outras mexendo no telefone, que \u00e9 uma coisa errada, e ele pegou e proibiu ela de levar a b\u00edblia? A gente n\u00e3o acreditou no que ele falou e ela\u201d,&nbsp;<a href=\"https:\/\/oglobo.globo.com\/rio\/noticia\/2023\/07\/29\/aluna-denuncia-intolerancia-religiosa-de-professor-que-teria-a-proibido-de-levar-biblia-para-a-aula.ghtml\">contou<\/a>&nbsp;a jovem.<\/p>\n\n\n\n<p>Ap\u00f3s o caso ter ido parar na Delegacia, onde a m\u00e3e da aluna denunciou o professor por discrimina\u00e7\u00e3o religiosa e de ra\u00e7a, a Secretaria Estadual de Educa\u00e7\u00e3o (Seeduc) informou que afastou o professor das atividades e abriu uma sindic\u00e2ncia para apurar o ocorrido.<\/p>\n","protected":false},"excerpt":{"rendered":"<p>Um caso de aparente&nbsp;discrimina\u00e7\u00e3o religiosa&nbsp;causou revolta em alunos do Col\u00e9gio Estadual Amaro Cavalcanti, no Largo do Machado, Zona Sul do Rio de Janeiro, ap\u00f3s um professor proibir que uma aluna lesse a B\u00edblia no col\u00e9gio, mesmo estando durante o tempo livre, ou seja, fora do hor\u00e1rio de ensino. Segundo informa\u00e7\u00f5es do jornal O Globo, o [&hellip;]<\/p>\n","protected":false},"author":2,"featured_media":16641,"comment_status":"open","ping_status":"open","sticky":false,"template":"","format":"standard","meta":[],"categories":[10],"tags":[],"_links":{"self":[{"href":"https:\/\/dgospel.com.br\/portal\/index.php\/wp-json\/wp\/v2\/posts\/16640"}],"collection":[{"href":"https:\/\/dgospel.com.br\/portal\/index.php\/wp-json\/wp\/v2\/posts"}],"about":[{"href":"https:\/\/dgospel.com.br\/portal\/index.php\/wp-json\/wp\/v2\/types\/post"}],"author":[{"embeddable":true,"href":"https:\/\/dgospel.com.br\/portal\/index.php\/wp-json\/wp\/v2\/users\/2"}],"replies":[{"embeddable":true,"href":"https:\/\/dgospel.com.br\/portal\/index.php\/wp-json\/wp\/v2\/comments?post=16640"}],"version-history":[{"count":1,"href":"https:\/\/dgospel.com.br\/portal\/index.php\/wp-json\/wp\/v2\/posts\/16640\/revisions"}],"predecessor-version":[{"id":16642,"href":"https:\/\/dgospel.com.br\/portal\/index.php\/wp-json\/wp\/v2\/posts\/16640\/revisions\/16642"}],"wp:featuredmedia":[{"embeddable":true,"href":"https:\/\/dgospel.com.br\/portal\/index.php\/wp-json\/wp\/v2\/media\/16641"}],"wp:attachment":[{"href":"https:\/\/dgospel.com.br\/portal\/index.php\/wp-json\/wp\/v2\/media?parent=16640"}],"wp:term":[{"taxonomy":"category","embeddable":true,"href":"https:\/\/dgospel.com.br\/portal\/index.php\/wp-json\/wp\/v2\/categories?post=16640"},{"taxonomy":"post_tag","embeddable":true,"href":"https:\/\/dgospel.com.br\/portal\/index.php\/wp-json\/wp\/v2\/tags?post=16640"}],"curies":[{"name":"wp","href":"https:\/\/api.w.org\/{rel}","templated":true}]}}