{"id":16647,"date":"2023-08-03T09:53:36","date_gmt":"2023-08-03T12:53:36","guid":{"rendered":"http:\/\/dgospel.com.br\/portal\/?p=16647"},"modified":"2023-08-03T09:53:37","modified_gmt":"2023-08-03T12:53:37","slug":"ministerio-militante-saude-planeja-oferecer-hormonios-para-jovens-trans-de-14-anos","status":"publish","type":"post","link":"https:\/\/dgospel.com.br\/portal\/index.php\/2023\/08\/03\/ministerio-militante-saude-planeja-oferecer-hormonios-para-jovens-trans-de-14-anos\/","title":{"rendered":"Minist\u00e9rio Militante? Sa\u00fade planeja oferecer horm\u00f4nios para jovens trans de 14 anos"},"content":{"rendered":"\n<p>\u00c9 triste estar h\u00e1 mais de 20 anos lutando contra a ideologia de g\u00eanero, fazendo in\u00fameros alertas em palestras, jornais, portais da internet e em livros repletos de refer\u00eancias cient\u00edficas, e mesmo assim continuar vendo o avan\u00e7o de uma agenda ideol\u00f3gica que em vez de sa\u00fade, promove preju\u00edzos emocionais e f\u00edsicos em crian\u00e7as e adolescentes.<\/p>\n\n\n\n<p>O dado preocupante mais recente diz respeito \u00e0 Resolu\u00e7\u00e3o 715 do Minist\u00e9rio da Sa\u00fade, aprovada na 17\u00aa Confer\u00eancia Nacional de Sa\u00fade, neste m\u00eas de julho. Entre as propostas da pasta, est\u00e1 a de oferecer horm\u00f4nios cruzados para adolescentes trans a partir dos 14 anos, entre outras.<\/p>\n\n\n\n<p>Reproduzo abaixo um trecho da Resolu\u00e7\u00e3o, com destaque meu:<\/p>\n\n\n\n<p><em>\u201cAtualizar a Pol\u00edtica Nacional de Sa\u00fade Integral LGBT para LGBTIA+ e definir as linhas de cuidado, em todos os ciclos de vida, contemplando os diversos corpos, pr\u00e1ticas, exist\u00eancias, as quest\u00f5es de ra\u00e7a, etnia, classe, identidade de g\u00eanero, orienta\u00e7\u00e3o sexual, defici\u00eancia, pessoas intersexo, assexuais, pansexuais e n\u00e3o bin\u00e1rias, popula\u00e7\u00e3o em restri\u00e7\u00e3o de liberdade, em situa\u00e7\u00e3o de rua, de forma transversal, e integra\u00e7\u00e3o da Pol\u00edtica Nacional de Sa\u00fade Integral de L\u00e9sbicas, Gays, Bissexuais, Travestis e Transexuais; revis\u00e3o da cartilha de pessoas trans,&nbsp;<strong>caderneta de gestante, pr\u00e9-natal, com foco n\u00e3o bin\u00e1rio<\/strong>;&nbsp;<strong>com a garantia de acesso e acompanhamento da hormonioterapia em popula\u00e7\u00f5es de pessoas travestis e transg\u00eaneras, pesquisas, atualiza\u00e7\u00e3o dos protocolos e redu\u00e7\u00e3o da idade de in\u00edcio de hormoniza\u00e7\u00e3o para 14 anos<\/strong>.\u201d<\/em><\/p>\n\n\n\n<p>Como podemos notar, a proposta \u00e9 clara, e com ela tamb\u00e9m h\u00e1 a inten\u00e7\u00e3o de dar a documentos como caderneta de gestante e pr\u00e9-natal um \u201cfoco n\u00e3o bin\u00e1rio\u201d, portanto, uma medida refletida pela ideologia de g\u00eanero, que nada tem a ver com ci\u00eancia ou pol\u00edtica de sa\u00fade.<\/p>\n\n\n\n<h2>Perigo real<\/h2>\n\n\n\n<p>Quando falamos de tratamento hormonal para adolescentes trans, estamos falando de um abismo de subjetividades, em todos os aspectos, menos quanto \u00e0s consequ\u00eancias que esse tipo de interven\u00e7\u00e3o poder\u00e1 acarretar.<\/p>\n\n\n\n<p>De acordo com um&nbsp;<a href=\"https:\/\/www.sbp.com.br\/fileadmin\/user_upload\/19706c-GP_-_Disforia_de_Genero.pdf\">guia t\u00e9cnico<\/a>&nbsp;publicado pela Sociedade Brasileira de Pediatria (SBP), especificamente sobre disforia de g\u00eanero, quem se submete ao uso de horm\u00f4nios cruzados corre o risco aumentado de desenvolver doen\u00e7a tromboemb\u00f3lica venosa; colelit\u00edase; aumento das enzimas hep\u00e1ticas; ganho de peso e hipertrigliceridemia, no caso dos horm\u00f4nios feminilizantes.<\/p>\n\n\n\n<p>Para quem se submete aos horm\u00f4nios masculinizantes, os riscos aumentados s\u00e3o de desenvolver policitemia; ganho de peso; acne; alop\u00e9cia androg\u00eanica e apneia do sono. Existem ainda os riscos aumentados com a presen\u00e7a de fatores de risco adicionais.<\/p>\n\n\n\n<p>Quanto ao primeiro tipo de horm\u00f4nios, os riscos s\u00e3o ter hipertens\u00e3o; hiperprolactinemia e prolactinoma. No segundo, dos masculinos, os riscos s\u00e3o ter aumento de enzimas hep\u00e1ticas e dislipidemia. E os perigos n\u00e3o param por aqui.<\/p>\n\n\n\n<p>Quando h\u00e1 risco aumentado devido a fatores de risco adicionais, os m\u00e9dicos da SBP falam ainda sobre a possibilidade do desenvolvimento de perda da densidade \u00f3ssea; c\u00e2ncer de mama; c\u00e2ncer de colo de \u00fatero; c\u00e2ncer de ov\u00e1rio e c\u00e2ncer de \u00fatero para quem utiliza horm\u00f4nios masculinizantes, por exemplo.<\/p>\n\n\n\n<p>Todos esses efeitos colaterais poss\u00edveis s\u00e3o possibilidades reais, sem contar com o aspecto da sa\u00fade mental. Como algu\u00e9m que, uma vez iniciado o procedimento, poder\u00e1 se sentir no futuro, caso venha a se arrepender? J\u00e1 existem in\u00fameros casos desse tipo pelo mundo, com jovens vindo a p\u00fablico relatar o sofrimento por uma decis\u00e3o tomada precipitadamente, errada.<\/p>\n\n\n\n<p>At\u00e9 n\u00f3s, mulheres, quando atingimos a menopausa, somos alertadas dos efeitos colaterais da reposi\u00e7\u00e3o hormonal, e muitas sofrem com isso. Se at\u00e9 hoje julgamos que um menos de 18 anos n\u00e3o pode ser imputado criminalmente como adulto, por ser jovem e, supostamente, n\u00e3o ter a devida maturidade para tomar certas decis\u00f5es, como esperar que uma adolescente de 14, que mal deixou a inf\u00e2ncia, tem a clareza mental suficiente quanto \u00e0 sexualidade?<\/p>\n\n\n\n<h2>Press\u00e3o social<\/h2>\n\n\n\n<p>A grande verdade por tr\u00e1s da explos\u00e3o de jovens alegadamente \u201ctrans\u201d n\u00e3o tem a ver com disforia, mas com a cultura atual e, tamb\u00e9m, o formato das novas fam\u00edlias. Muitos est\u00e3o sendo induzidos a ter confus\u00e3o de g\u00eanero devido \u00e0 propaganda massiva do ativismo LGBT+ a esse respeito.<\/p>\n\n\n\n<p>\u00c9 algo que at\u00e9 a psic\u00f3loga transexual americana Erica Anderson reconhece. Em uma mat\u00e9ria da&nbsp;<a href=\"https:\/\/www.latimes.com\/world-nation\/story\/2022-04-12\/a-transgender-psychologist-reckons-with-how-to-support-a-new-generation-of-trans-teens\">Los Angeles Times<\/a>, a colega de profiss\u00e3o disse que \u201cum bom n\u00famero de crian\u00e7as est\u00e1 entrando nisso [em se declarar trans] porque est\u00e1 na moda\u201d.<\/p>\n\n\n\n<p>Anderson n\u00e3o \u00e9 a \u00fanica a enxergar isso. O n\u00famero de profissionais especializados preocupados com essa nova \u201cind\u00fastria\u201d de sa\u00fade envolvendo o transgenderismo s\u00f3 tem aumentado, assim como os relatos de arrependimento de alguns que tomaram decis\u00f5es dr\u00e1sticas de forma precipitada, sem o suporte profissional devidamente adequado<\/p>\n\n\n\n<p>A pr\u00f3pria SBP tamb\u00e9m demonstra sua preocupa\u00e7\u00e3o ao frisar, com destaque meu, que \u201c<em>a terapia hormonal e a cirurgia, que podem vir a ser necess\u00e1rias em&nbsp;<strong>alguns casos<\/strong>, s\u00f3 devem ser orientadas em centros de refer\u00eancia ap\u00f3s um&nbsp;<strong>per\u00edodo prolongado de acompanhamento psicol\u00f3gico\/psiqui\u00e1trico<\/strong>&nbsp;e t\u00eam indica\u00e7\u00f5es precisas devido aos&nbsp;<strong>v\u00e1rios problemas sociais e de comportamento<\/strong>&nbsp;enfrentados por estes pacientes<\/em>\u201c.<\/p>\n\n\n\n<h2>Conclus\u00e3o<\/h2>\n\n\n\n<p>Quando temos uma pol\u00edtica p\u00fablica que visa oferecer horm\u00f4nios para adolescentes de 14 anos, mesmo com tantos riscos envolvidos e a complexa subjetividade dos motivos por tr\u00e1s da disforia, a proposta, em si, tende a ser de engano e n\u00e3o de sa\u00fade.<\/p>\n\n\n\n<p>Precisamos promover, isto sim, compreens\u00e3o, respeito e acolhimento, a fim de entender o sofrimento dos jovens que por alguma raz\u00e3o desenvolvem disforia. Uma vez acolhidos e acompanhados, maduros e conscientes de quem s\u00e3o e o que realmente desejam, ter\u00e3o a capacidade de escolher corretamente se querem ou n\u00e3o se submeter a algum procedimento.<\/p>\n\n\n\n<p>N\u00e3o creio, portanto, que adolescentes de 14 anos estejam enquadrados nessas condi\u00e7\u00f5es, especialmente em uma rede de sa\u00fade p\u00fablica t\u00e3o prec\u00e1ria como a do Brasil. Esta \u00e9 a minha opini\u00e3o.<\/p>\n\n\n\n<p><em><strong>*<\/strong>O texto acima \u00e9 de inteira responsabilidade da sua autora, n\u00e3o refletindo, necessariamente, a opini\u00e3o do site Opini\u00e3o Critica.<\/em><\/p>\n","protected":false},"excerpt":{"rendered":"<p>\u00c9 triste estar h\u00e1 mais de 20 anos lutando contra a ideologia de g\u00eanero, fazendo in\u00fameros alertas em palestras, jornais, portais da internet e em livros repletos de refer\u00eancias cient\u00edficas, e mesmo assim continuar vendo o avan\u00e7o de uma agenda ideol\u00f3gica que em vez de sa\u00fade, promove preju\u00edzos emocionais e f\u00edsicos em crian\u00e7as e adolescentes. [&hellip;]<\/p>\n","protected":false},"author":2,"featured_media":16648,"comment_status":"open","ping_status":"open","sticky":false,"template":"","format":"standard","meta":[],"categories":[11,12],"tags":[],"_links":{"self":[{"href":"https:\/\/dgospel.com.br\/portal\/index.php\/wp-json\/wp\/v2\/posts\/16647"}],"collection":[{"href":"https:\/\/dgospel.com.br\/portal\/index.php\/wp-json\/wp\/v2\/posts"}],"about":[{"href":"https:\/\/dgospel.com.br\/portal\/index.php\/wp-json\/wp\/v2\/types\/post"}],"author":[{"embeddable":true,"href":"https:\/\/dgospel.com.br\/portal\/index.php\/wp-json\/wp\/v2\/users\/2"}],"replies":[{"embeddable":true,"href":"https:\/\/dgospel.com.br\/portal\/index.php\/wp-json\/wp\/v2\/comments?post=16647"}],"version-history":[{"count":1,"href":"https:\/\/dgospel.com.br\/portal\/index.php\/wp-json\/wp\/v2\/posts\/16647\/revisions"}],"predecessor-version":[{"id":16649,"href":"https:\/\/dgospel.com.br\/portal\/index.php\/wp-json\/wp\/v2\/posts\/16647\/revisions\/16649"}],"wp:featuredmedia":[{"embeddable":true,"href":"https:\/\/dgospel.com.br\/portal\/index.php\/wp-json\/wp\/v2\/media\/16648"}],"wp:attachment":[{"href":"https:\/\/dgospel.com.br\/portal\/index.php\/wp-json\/wp\/v2\/media?parent=16647"}],"wp:term":[{"taxonomy":"category","embeddable":true,"href":"https:\/\/dgospel.com.br\/portal\/index.php\/wp-json\/wp\/v2\/categories?post=16647"},{"taxonomy":"post_tag","embeddable":true,"href":"https:\/\/dgospel.com.br\/portal\/index.php\/wp-json\/wp\/v2\/tags?post=16647"}],"curies":[{"name":"wp","href":"https:\/\/api.w.org\/{rel}","templated":true}]}}