{"id":1665,"date":"2018-10-24T10:27:42","date_gmt":"2018-10-24T12:27:42","guid":{"rendered":"http:\/\/dgospel.com.br\/portal\/?p=1665"},"modified":"2018-10-24T10:27:42","modified_gmt":"2018-10-24T12:27:42","slug":"governo-do-tocantins-discute-incentivos-fiscais-com-empresarios-do-grupo-sabao-oeste","status":"publish","type":"post","link":"https:\/\/dgospel.com.br\/portal\/index.php\/2018\/10\/24\/governo-do-tocantins-discute-incentivos-fiscais-com-empresarios-do-grupo-sabao-oeste\/","title":{"rendered":"Governo do Tocantins discute incentivos fiscais com empres\u00e1rios do Grupo Sab\u00e3o Oeste"},"content":{"rendered":"<p>Discutir a desburocratiza\u00e7\u00e3o para concess\u00e3o de incentivos para empresas interessadas em se instalar no Estado. Esse foi o principal motivo de uma reuni\u00e3o do governador Mauro Carlesse com o diretor da Associa\u00e7\u00e3o dos Atacadistas do Tocantins (Adat), Pedro Paulo, e executivos do Grupo Sab\u00e3o Oeste, de An\u00e1polis, em processo de implanta\u00e7\u00e3o no Distrito Industrial de Gurupi (Paig), nesta ter\u00e7a-feira, 23, no Pal\u00e1cio Araguaia.<\/p>\n<p>O diretor comercial do Grupo Sab\u00e3o Oeste, Eduardo Terbino Leite, afirmou\u00a0que o objetivo dessa audi\u00eancia com o governador foi buscar\u00a0incentivos visando a redu\u00e7\u00e3o de custos e o apoio do Governo do Tocantins para dar agilidade no processo de implanta\u00e7\u00e3o da ind\u00fastria em Gurupi. \u201cAgradecemos ao governador e sua equipe pela receptividade. Pela transpar\u00eancia nas conversas, tudo indica que em breve estaremos instalados aqui no Tocantins\u201d, comentou.<\/p>\n<p>Mauro Carlesse assegurou que o Governo do Estado est\u00e1 empenhado em facilitar a implanta\u00e7\u00e3o de empresas. \u201cEstamos \u00e0 disposi\u00e7\u00e3o, o Governo\u00a0est\u00e1 de portas abertas para discutir qualquer problema e incentivo para os empres\u00e1rios do Tocantins e aqueles que queiram se instalar em nosso Estado. O que queremos \u00e9 facilitar a vinda dos empres\u00e1rios, para gera\u00e7\u00e3o de emprego e renda ao nosso povo\u201d, assegurou.<\/p>\n<p>Pedro Paulo disse que o governador \u00e9 um empres\u00e1rio, conhece os problemas e prometeu agilidade para facilitar a implanta\u00e7\u00e3o de novas empresas no Estado. \u201cEle foi muito receptivo e, a partir de agora, temos a convic\u00e7\u00e3o de que vamos viver uma nova realidade. Essa nova gest\u00e3o vai facilitar a atra\u00e7\u00e3o de novos empres\u00e1rios para o Estado\u201d.\u00a0O empres\u00e1rio Gilberto Garcia Mac\u00eado, da empresa Casa das Garrafas e Reciclados Fortaleza, tamb\u00e9m ficou motivado com a reuni\u00e3o. \u201cO governador foi muito receptivo e transparente, isso nos d\u00e1 mais seguran\u00e7a\u201d, pontuou, ao manifestar interesse em se instalar em Gurupi.<\/p>\n<p>A empresa ser\u00e1 instalada em um terreno de 27 mil m\u00b2 no Paig, para produ\u00e7\u00e3o de sab\u00e3o em barra e distribui\u00e7\u00e3o da linha completa de produtos de higiene produzido pela ind\u00fastria. Eduardo disse que o processo de implanta\u00e7\u00e3o da empresa foi iniciado ainda em 2017, mas, em virtude da demora para libera\u00e7\u00e3o da \u00e1rea, todo o processo dever\u00e1 ser redefinido.<\/p>\n<p>Tamb\u00e9m participaram da reuni\u00e3o o vice-governador Wanderley Barbosa, o secret\u00e1rio de Estado do Desenvolvimento Econ\u00f4mico, Ci\u00eancia, Tecnologia e Turismo, Dearley Kuhn, e o secret\u00e1rio-chefe do Gabinete do Governador, Divino Alan.<\/p>\n","protected":false},"excerpt":{"rendered":"<p>Discutir a desburocratiza\u00e7\u00e3o para concess\u00e3o de incentivos para empresas interessadas em se instalar no Estado. Esse foi o principal motivo de uma reuni\u00e3o do governador Mauro Carlesse com o diretor da Associa\u00e7\u00e3o dos Atacadistas do Tocantins (Adat), Pedro Paulo, e executivos do Grupo Sab\u00e3o Oeste, de An\u00e1polis, em processo de implanta\u00e7\u00e3o no Distrito Industrial de [&hellip;]<\/p>\n","protected":false},"author":2,"featured_media":1666,"comment_status":"open","ping_status":"open","sticky":false,"template":"","format":"standard","meta":[],"categories":[2,3],"tags":[],"_links":{"self":[{"href":"https:\/\/dgospel.com.br\/portal\/index.php\/wp-json\/wp\/v2\/posts\/1665"}],"collection":[{"href":"https:\/\/dgospel.com.br\/portal\/index.php\/wp-json\/wp\/v2\/posts"}],"about":[{"href":"https:\/\/dgospel.com.br\/portal\/index.php\/wp-json\/wp\/v2\/types\/post"}],"author":[{"embeddable":true,"href":"https:\/\/dgospel.com.br\/portal\/index.php\/wp-json\/wp\/v2\/users\/2"}],"replies":[{"embeddable":true,"href":"https:\/\/dgospel.com.br\/portal\/index.php\/wp-json\/wp\/v2\/comments?post=1665"}],"version-history":[{"count":1,"href":"https:\/\/dgospel.com.br\/portal\/index.php\/wp-json\/wp\/v2\/posts\/1665\/revisions"}],"predecessor-version":[{"id":1667,"href":"https:\/\/dgospel.com.br\/portal\/index.php\/wp-json\/wp\/v2\/posts\/1665\/revisions\/1667"}],"wp:featuredmedia":[{"embeddable":true,"href":"https:\/\/dgospel.com.br\/portal\/index.php\/wp-json\/wp\/v2\/media\/1666"}],"wp:attachment":[{"href":"https:\/\/dgospel.com.br\/portal\/index.php\/wp-json\/wp\/v2\/media?parent=1665"}],"wp:term":[{"taxonomy":"category","embeddable":true,"href":"https:\/\/dgospel.com.br\/portal\/index.php\/wp-json\/wp\/v2\/categories?post=1665"},{"taxonomy":"post_tag","embeddable":true,"href":"https:\/\/dgospel.com.br\/portal\/index.php\/wp-json\/wp\/v2\/tags?post=1665"}],"curies":[{"name":"wp","href":"https:\/\/api.w.org\/{rel}","templated":true}]}}