{"id":16650,"date":"2023-08-03T09:57:40","date_gmt":"2023-08-03T12:57:40","guid":{"rendered":"http:\/\/dgospel.com.br\/portal\/?p=16650"},"modified":"2023-08-03T09:57:42","modified_gmt":"2023-08-03T12:57:42","slug":"mais-de-mil-familias-recebem-ajuda-de-igreja-apos-enchentes-em-alagoas","status":"publish","type":"post","link":"https:\/\/dgospel.com.br\/portal\/index.php\/2023\/08\/03\/mais-de-mil-familias-recebem-ajuda-de-igreja-apos-enchentes-em-alagoas\/","title":{"rendered":"Mais de mil fam\u00edlias recebem ajuda de igreja ap\u00f3s enchentes em Alagoas"},"content":{"rendered":"\n<p>Ap\u00f3s as fortes chuvas de inverno em Alagoas, muitas v\u00edtimas retornaram para suas casas e est\u00e3o enfrentando dificuldades para recome\u00e7ar a vida.<\/p>\n\n\n\n<p>Desde o dia 20 de julho, uma equipe da Ag\u00eancia Adventista de Desenvolvimento e Recursos Assistenciais (ADRA), tem levado apoio \u00e0s fam\u00edlias atrav\u00e9s de doa\u00e7\u00f5es.&nbsp;<\/p>\n\n\n\n<p>Mais de mil&nbsp;<a href=\"https:\/\/guiame.com.br\/gospel\/missoes-acao-social\/igreja-usa-kombi-para-levar-ajuda-familias-carentes-em-sc.html\"><strong>fam\u00edlias<\/strong><\/a>&nbsp;receberam cestas b\u00e1sicas, roupas, itens de higiene e limpeza, al\u00e9m de vales-compra.<\/p>\n\n\n\n<p>Segundo o site Not\u00edcias Adventistas, o foco da campanha emergencial foi apoiar as regi\u00f5es que mais sofreram com as enchentes.&nbsp;<\/p>\n\n\n\n<p>Pensando nisso, a ADRA lan\u00e7ou uma campanha com tr\u00eas pontos presenciais de doa\u00e7\u00e3o em Alagoas, al\u00e9m da&nbsp;<a href=\"https:\/\/guiame.com.br\/gospel\/missoes-acao-social\/homem-planta-alface-por-10-anos-para-construir-igreja-oramos-deus-por-recursos.html\"><strong>contribui\u00e7\u00e3o<\/strong><\/a>&nbsp;monet\u00e1ria de pessoas de todo o pa\u00eds.<\/p>\n\n\n\n<p>Eles arrecadaram cinco toneladas de alimentos n\u00e3o perec\u00edveis, quatro toneladas de frutas e verduras, cerca de duas mil pe\u00e7as de roupas, e 575 vouchers de compra no valor de R$ 160,00 cada.&nbsp;<\/p>\n\n\n\n<p><strong>Relatos dos moradores&nbsp;<\/strong><\/p>\n\n\n\n<p>As doa\u00e7\u00f5es foram destinadas \u00e0s v\u00edtimas das cidades de Macei\u00f3, Marechal Deodoro, Uni\u0101o dos Palmares, Rio Largo e Matriz do Camaragibe.<\/p>\n\n\n\n<p>Uma das beneficiadas com um vale-compras foi Maria Aparecida, desempregada, de 49 anos, moradora de Auxiliadora, em Marechal Deodoro.&nbsp;<\/p>\n\n\n\n<p>Ela morava em uma casa que foi totalmente deteriorada ap\u00f3s as enchentes.&nbsp;<\/p>\n\n\n\n<p>\u201cEu estou em uma casa provis\u00f3ria da Prefeitura, morando com outras pessoas que tamb\u00e9m n\u00e3o t\u00eam como voltar para suas casas. Esse dinheiro j\u00e1 vai me ajudar a recuperar um pouco do que perdi\u201d, disse ela.<\/p>\n\n\n\n<p>Na regi\u00e3o de Maria Aparecida, o barqueiro C\u00edcero da Silva, de 64 anos, que mora h\u00e1 13 anos no local, contou que j\u00e1 enfrentou outras cheias.&nbsp;<\/p>\n\n\n\n<p>No entanto, a deste ano fez com que ele ficasse morando no barco por uma semana, at\u00e9 o n\u00edvel da \u00e1gua baixar. Pois n\u00e3o encontrou vaga em um dos abrigos na localidade.<\/p>\n\n\n\n<p>\u201c\u00c9 muito sofrido, mas \u00e9 a vida que temos aqui. Essa ajuda veio em boa hora n\u00e3o s\u00f3 para mim, mas para todo mundo por aqui, que mora muito perto do rio e que perdeu muita coisa\u201d, afirmou ele.<\/p>\n\n\n\n<p>Todos os dias ele trabalha fazendo a travessia de moradores da comunidade do Riacho Velho at\u00e9 Marechal Deodoro.&nbsp;<\/p>\n\n\n\n<p>Patr\u00edcia In\u00e1cio, de 37 anos, tamb\u00e9m mora na mesma comunidade com o marido e cinco filhos. Ela afirmou que a fam\u00edlia vive exclusivamente da pesca e perdeu quase tudo:&nbsp;<\/p>\n\n\n\n<p>\u201cO dinheiro vai ser para comprar comida, que \u00e9 o que mais precisamos no momento, e fralda para a beb\u00ea. Eu choro muito quando lembro de tudo que aconteceu aqui, mas fiquei muito emocionada porque essas pessoas vieram nos ajudar\u201d.<\/p>\n\n\n\n<p><img src=\"https:\/\/thumbor.guiame.com.br\/unsafe\/smart\/https:\/\/media.guiame.com.br\/archives\/2023\/08\/03\/280333582-.jpeg\" alt=\"\" width=\"400\"><br><sup>Alimentos doados para as v\u00edtimas. (Foto: Reprodu\u00e7\u00e3o\/Not\u00edcias Adventistas\/Rebbeca Ricarte)<\/sup><\/p>\n\n\n\n<p><strong>Apoio local<\/strong><\/p>\n\n\n\n<p>O N\u00facleo Regional da ADRA Alagoas continua monitorando as regi\u00f5es mais afetadas e oferecendo apoio \u00e0s v\u00edtimas.&nbsp;<\/p>\n\n\n\n<p>A coordenadora da unidade regional de Alagoas, Carla Fontes, afirmou: \u201cA ADRA tem esse trabalho de atender durante a emerg\u00eancia, mas temos&nbsp;<a href=\"https:\/\/guiame.com.br\/gospel\/mundo-cristao\/jovens-criam-estudo-biblico-para-ensinar-amiga-o-espirito-santo-nos-deu-oportunidade.html\"><strong>projetos<\/strong><\/a>&nbsp;de desenvolvimento social e comunit\u00e1rio, buscando trabalhar com essas fam\u00edlias para que eles consigam mecanismos para sair dessa situa\u00e7\u00e3o de vulnerabilidade social\u201d.<\/p>\n","protected":false},"excerpt":{"rendered":"<p>Ap\u00f3s as fortes chuvas de inverno em Alagoas, muitas v\u00edtimas retornaram para suas casas e est\u00e3o enfrentando dificuldades para recome\u00e7ar a vida. Desde o dia 20 de julho, uma equipe da Ag\u00eancia Adventista de Desenvolvimento e Recursos Assistenciais (ADRA), tem levado apoio \u00e0s fam\u00edlias atrav\u00e9s de doa\u00e7\u00f5es.&nbsp; Mais de mil&nbsp;fam\u00edlias&nbsp;receberam cestas b\u00e1sicas, roupas, itens de [&hellip;]<\/p>\n","protected":false},"author":2,"featured_media":16651,"comment_status":"open","ping_status":"open","sticky":false,"template":"","format":"standard","meta":[],"categories":[5],"tags":[],"_links":{"self":[{"href":"https:\/\/dgospel.com.br\/portal\/index.php\/wp-json\/wp\/v2\/posts\/16650"}],"collection":[{"href":"https:\/\/dgospel.com.br\/portal\/index.php\/wp-json\/wp\/v2\/posts"}],"about":[{"href":"https:\/\/dgospel.com.br\/portal\/index.php\/wp-json\/wp\/v2\/types\/post"}],"author":[{"embeddable":true,"href":"https:\/\/dgospel.com.br\/portal\/index.php\/wp-json\/wp\/v2\/users\/2"}],"replies":[{"embeddable":true,"href":"https:\/\/dgospel.com.br\/portal\/index.php\/wp-json\/wp\/v2\/comments?post=16650"}],"version-history":[{"count":1,"href":"https:\/\/dgospel.com.br\/portal\/index.php\/wp-json\/wp\/v2\/posts\/16650\/revisions"}],"predecessor-version":[{"id":16652,"href":"https:\/\/dgospel.com.br\/portal\/index.php\/wp-json\/wp\/v2\/posts\/16650\/revisions\/16652"}],"wp:featuredmedia":[{"embeddable":true,"href":"https:\/\/dgospel.com.br\/portal\/index.php\/wp-json\/wp\/v2\/media\/16651"}],"wp:attachment":[{"href":"https:\/\/dgospel.com.br\/portal\/index.php\/wp-json\/wp\/v2\/media?parent=16650"}],"wp:term":[{"taxonomy":"category","embeddable":true,"href":"https:\/\/dgospel.com.br\/portal\/index.php\/wp-json\/wp\/v2\/categories?post=16650"},{"taxonomy":"post_tag","embeddable":true,"href":"https:\/\/dgospel.com.br\/portal\/index.php\/wp-json\/wp\/v2\/tags?post=16650"}],"curies":[{"name":"wp","href":"https:\/\/api.w.org\/{rel}","templated":true}]}}