{"id":16663,"date":"2023-08-04T09:39:04","date_gmt":"2023-08-04T12:39:04","guid":{"rendered":"http:\/\/dgospel.com.br\/portal\/?p=16663"},"modified":"2023-08-04T09:39:05","modified_gmt":"2023-08-04T12:39:05","slug":"cpi-do-mst-jose-rainha-cai-em-contradicao-e-quase-sai-preso","status":"publish","type":"post","link":"https:\/\/dgospel.com.br\/portal\/index.php\/2023\/08\/04\/cpi-do-mst-jose-rainha-cai-em-contradicao-e-quase-sai-preso\/","title":{"rendered":"CPI do MST: Jos\u00e9 Rainha cai em contradi\u00e7\u00e3o e quase sai preso"},"content":{"rendered":"\n<p>Em uma sess\u00e3o tensa da Comiss\u00e3o Parlamentar de Inqu\u00e9rito (CPI) do Movimento dos Trabalhadores Rurais Sem Terra (MST), a oposi\u00e7\u00e3o amea\u00e7ou pela primeira vez efetuar uma pris\u00e3o no colegiado. O l\u00edder da Frente Nacional de Luta Campo e Cidade (FNL), Jos\u00e9 Rainha, tentou negar apoio direto \u00e0 deputada S\u00e2mia Bomfim (PSOL-SP) nas elei\u00e7\u00f5es de 2018 e voltou atr\u00e1s ap\u00f3s ser confrontado com um v\u00eddeo exposto.<\/p>\n\n\n\n<p>No material em quest\u00e3o, ele agradece os votos na parlamentar.<\/p>\n\n\n\n<p>\u2013 Eu vou refazer a perguntar para n\u00e3o fazer falso testemunho. Pode ficar calado, mas mentir n\u00e3o pode. Ou fica quieto ou fala a verdade. Voc\u00ea sabe quais s\u00e3o as consequ\u00eancias \u2013 afirmou o relator, Ricardo Salles (PL-SP). Antes, Rainha disse ter uma \u201crela\u00e7\u00e3o fraterna\u201d com a parlamentar, depois, afirmou que pediu votos para ela.<\/p>\n\n\n\n<p>O oposi\u00e7\u00e3o seguiu com a press\u00e3o.<\/p>\n\n\n\n<p>\u2013 N\u00e3o pode mentir. Se mentir, eu pe\u00e7o para ir para a cadeia \u2013 disse Coronel Chris\u00f3stomo (PL-RO).<\/p>\n\n\n\n<p>Rainha se recusou a contar quais diverg\u00eancias o levaram a romper com o MST.<\/p>\n\n\n\n<p>\u2013 Vou levar para o cemit\u00e9rio \u2013 disse ele, que afirmou ter boa rela\u00e7\u00e3o com Dilma Rousseff e Luiz In\u00e1cio Lula da Silva (PT), ainda que n\u00e3o tenha contato recente com eles.<\/p>\n\n\n\n<figure class=\"wp-block-image\"><img src=\"https:\/\/static.cdn.pleno.news\/2023\/08\/03082023-lula0872-1024x768.jpg\" alt=\"\" class=\"wp-image-1181630\"\/><figcaption>Relator da CPI, Ricardo Salles&nbsp;Foto: Lula Marques\/ Ag\u00eancia Brasil<\/figcaption><\/figure>\n\n\n\n<p>Questionado se teria se encontrado com o ministro do Desenvolvimento Agr\u00e1rio, Rainha confirmou, e disse que foi ao gabinete de Teixeira no come\u00e7o do ano para tratar de \u201cquest\u00f5es pontuais\u201d, sobre assuntos ministeriais e do Instituto Nacional de Coloniza\u00e7\u00e3o e Reforma Agr\u00e1ria (Incra), segundo ele. O deputado Rodolfo Nogueira (PL-MS) apresentou um requerimento direcionado \u00e0 pasta para que informe mais especificamente em que dia Rainha esteve no gabinete do ministro e qual foi a pauta.<\/p>\n\n\n\n<p>O l\u00edder do FNL prestou depoimento \u00e0 CPI na condi\u00e7\u00e3o de testemunha nesta quinta-feira (3) sobre a promo\u00e7\u00e3o de ocupa\u00e7\u00f5es de terra no Brasil durante o chamado \u201cCarnaval Vermelho\u201d. Os advogados S\u00e9rgio Pantale\u00e3o e Rodrigo Chiziolini \u2013 ambos, ali\u00e1s, tiveram repetidos entreveros com Salles \u2013 o acompanharam na C\u00e2mara.<\/p>\n\n\n\n<p>Na sess\u00e3o desta quarta-feira (2), o secret\u00e1rio de Seguran\u00e7a P\u00fablica de S\u00e3o Paulo, Guilherme Derrite, disse que a FNL montou \u201cum ex\u00e9rcito\u201d no per\u00edodo. Foram 19 invas\u00f5es na regi\u00e3o do Pontal do Paranapanema em fevereiro, todas desarmadas em opera\u00e7\u00f5es policiais.<\/p>\n\n\n\n<p>A presen\u00e7a de Rainha atraiu a aten\u00e7\u00e3o de parlamentares no que foi o primeiro controverso depoimento da CPI. Mais uma vez, deputados do governo e da oposi\u00e7\u00e3o trocaram provoca\u00e7\u00f5es e insultos ao longo do encontro.<\/p>\n\n\n\n<p>Tr\u00eas deputados apresentarem requerimentos para que Jos\u00e9 Rainha fosse ouvido na CPI: Kim Kataguiri (Uni\u00e3o Brasil-SP), Rodolfo Nogueira (PL-MS) e Evair Vieira de Melo (PP-ES). Os parlamentares argumentaram que Rainha, que j\u00e1 foi um dos l\u00edderes do MST e atua nos movimentos dos sem-terra, pode trazer esclarecimentos importantes para o inqu\u00e9rito que analisa a promo\u00e7\u00e3o de ocupa\u00e7\u00f5es de terras no pa\u00eds.<\/p>\n\n\n\n<p>Nesta ter\u00e7a-feira (1\u00ba), o ministro do Supremo Tribunal Federal (STF), Luiz Fux, negou um pedido da defesa de Rainha para n\u00e3o comparecer \u00e0 CPI. O ministro garantiu, por\u00e9m, que o l\u00edder sem-terra poder\u00e1 ficar em sil\u00eancio quando for indagado por quest\u00f5es que podem incrimin\u00e1-lo.<\/p>\n\n\n\n<p>\u2013 Concedo parcialmente a ordem para que seja garantido o direito contra a autoincrimina\u00e7\u00e3o, podendo, consectariamente, permanecer em sil\u00eancio t\u00e3o somente sobre fatos que possam implicar em sua incrimina\u00e7\u00e3o \u2013 disse Luiz Fux.<\/p>\n\n\n\n<p>Na \u00faltima segunda-feira (31), a presidente da Corte, ministra Rosa Weber, tamb\u00e9m n\u00e3o concedeu a liminar, j\u00e1 que como chefe do STF s\u00f3 poderia faz\u00ea-lo se verificasse uma situa\u00e7\u00e3o de urg\u00eancia, o que n\u00e3o foi identificada na an\u00e1lise.<\/p>\n\n\n\n<p><strong>QUEM \u00c9 JOS\u00c9 RAINHA?<br><\/strong>Uma das principais personalidades do MST durante a d\u00e9cada de 90, Jos\u00e9 Rainha tem 63 anos e \u00e9 militante pela reforma agr\u00e1ria desde que tinha 17. Desde o in\u00edcio do governo do presidente Lula, Rainha \u00e9 apontado como um dos principais piv\u00f4s das invas\u00f5es de terra que ocorreram no Brasil.<\/p>\n\n\n\n<p>No in\u00edcio de mar\u00e7o deste ano, ele foi preso em uma opera\u00e7\u00e3o da Pol\u00edcia Civil de S\u00e3o Paulo, no Pontal do Paranapanema, no Extremo Oeste do estado, ao ser acusado de extorquir propriet\u00e1rios rurais. Ele foi solto em junho.<\/p>\n\n\n\n<p><strong>QUEM A CPI J\u00c1 OUVIU?<br><\/strong>A cria\u00e7\u00e3o da CPI do MST foi requisitada pela oposi\u00e7\u00e3o ao governo do presidente Lula para investigar a organiza\u00e7\u00e3o e o financiamento de invas\u00f5es de terras promovidas pelo movimento no in\u00edcio deste ano de 2023.<\/p>\n\n\n\n<p>Desde 23 de maio, a CPI j\u00e1 colheu o depoimento do ex-ministro do Gabinete de Seguran\u00e7a Institucional (GSI), Gon\u00e7alves Dias, o ex-presidente do Instituto Nacional de Coloniza\u00e7\u00e3o e Reforma Agr\u00e1ria (Incra), Francisco Grazian, o secret\u00e1rio de Seguran\u00e7a P\u00fablica de S\u00e3o Paulo, Guilherme Derrite, o governador de Goi\u00e1s, Ronaldo Caiado (Uni\u00e3o-GO). Tamb\u00e9m foram ouvidos pela comiss\u00e3o professores universit\u00e1rios, integrantes do MST e servidores p\u00fablicos.<\/p>\n\n\n\n<p>Em agosto, a comiss\u00e3o pretende aumentar a press\u00e3o contra o governo. O presidente do colegiado, Tenente Coronel Zucco (Republicanos-RS), pretende pautar as idas dos ministros Rui Costa e Paulo Teixeira na pr\u00f3xima semana. Haver\u00e1, ainda a ser pautada, a ida do l\u00edder do MST, Jo\u00e3o Pedro St\u00e9dile, que teve requerimento de convoca\u00e7\u00e3o aprovado.<\/p>\n\n\n\n<p>*Com informa\u00e7\u00f5es AE<\/p>\n","protected":false},"excerpt":{"rendered":"<p>Em uma sess\u00e3o tensa da Comiss\u00e3o Parlamentar de Inqu\u00e9rito (CPI) do Movimento dos Trabalhadores Rurais Sem Terra (MST), a oposi\u00e7\u00e3o amea\u00e7ou pela primeira vez efetuar uma pris\u00e3o no colegiado. O l\u00edder da Frente Nacional de Luta Campo e Cidade (FNL), Jos\u00e9 Rainha, tentou negar apoio direto \u00e0 deputada S\u00e2mia Bomfim (PSOL-SP) nas elei\u00e7\u00f5es de 2018 [&hellip;]<\/p>\n","protected":false},"author":2,"featured_media":16664,"comment_status":"open","ping_status":"open","sticky":false,"template":"","format":"standard","meta":[],"categories":[4],"tags":[],"_links":{"self":[{"href":"https:\/\/dgospel.com.br\/portal\/index.php\/wp-json\/wp\/v2\/posts\/16663"}],"collection":[{"href":"https:\/\/dgospel.com.br\/portal\/index.php\/wp-json\/wp\/v2\/posts"}],"about":[{"href":"https:\/\/dgospel.com.br\/portal\/index.php\/wp-json\/wp\/v2\/types\/post"}],"author":[{"embeddable":true,"href":"https:\/\/dgospel.com.br\/portal\/index.php\/wp-json\/wp\/v2\/users\/2"}],"replies":[{"embeddable":true,"href":"https:\/\/dgospel.com.br\/portal\/index.php\/wp-json\/wp\/v2\/comments?post=16663"}],"version-history":[{"count":1,"href":"https:\/\/dgospel.com.br\/portal\/index.php\/wp-json\/wp\/v2\/posts\/16663\/revisions"}],"predecessor-version":[{"id":16665,"href":"https:\/\/dgospel.com.br\/portal\/index.php\/wp-json\/wp\/v2\/posts\/16663\/revisions\/16665"}],"wp:featuredmedia":[{"embeddable":true,"href":"https:\/\/dgospel.com.br\/portal\/index.php\/wp-json\/wp\/v2\/media\/16664"}],"wp:attachment":[{"href":"https:\/\/dgospel.com.br\/portal\/index.php\/wp-json\/wp\/v2\/media?parent=16663"}],"wp:term":[{"taxonomy":"category","embeddable":true,"href":"https:\/\/dgospel.com.br\/portal\/index.php\/wp-json\/wp\/v2\/categories?post=16663"},{"taxonomy":"post_tag","embeddable":true,"href":"https:\/\/dgospel.com.br\/portal\/index.php\/wp-json\/wp\/v2\/tags?post=16663"}],"curies":[{"name":"wp","href":"https:\/\/api.w.org\/{rel}","templated":true}]}}