{"id":16669,"date":"2023-08-04T09:50:09","date_gmt":"2023-08-04T12:50:09","guid":{"rendered":"http:\/\/dgospel.com.br\/portal\/?p=16669"},"modified":"2023-08-04T09:50:11","modified_gmt":"2023-08-04T12:50:11","slug":"desmatamento-no-cerrado-atinge-recorde-e-na-amazonia-alcanca-maior-indice-em-4-anos-segundo-inpe","status":"publish","type":"post","link":"https:\/\/dgospel.com.br\/portal\/index.php\/2023\/08\/04\/desmatamento-no-cerrado-atinge-recorde-e-na-amazonia-alcanca-maior-indice-em-4-anos-segundo-inpe\/","title":{"rendered":"Desmatamento no Cerrado atinge recorde e na Amaz\u00f4nia alcan\u00e7a maior \u00edndice em 4 anos, segundo INPE"},"content":{"rendered":"\n<p>O desmatamento no Cerrado atingiu n\u00edveis recordes, enquanto a Amaz\u00f4nia experimentou seu maior \u00edndice de desmatamento em quatro anos, de acordo com as informa\u00e7\u00f5es mais recentes do Instituto Nacional de Pesquisas Especiais (INPE). Estas constata\u00e7\u00f5es s\u00e3o baseadas em dados coletados de agosto de 2022 a julho de 2023.<\/p>\n\n\n\n<p><a href=\"https:\/\/www.assembleia.pr.leg.br\/assembleia-itinerante\/sugestao-de-melhorias-para-sua-cidade\" target=\"_blank\" rel=\"noreferrer noopener\"><\/a><\/p>\n\n\n\n<p>No Cerrado, a devasta\u00e7\u00e3o alcan\u00e7ou uma extens\u00e3o de 6.359 km\u00b2, marcando um aumento de 16,5%. Isso representa o pior \u00edndice desde 2017, quando o Deter (Sistema de Detec\u00e7\u00e3o de Desmatamento em Tempo Real) come\u00e7ou a monitorar a regi\u00e3o. J\u00e1 na Amaz\u00f4nia, a \u00e1rea desmatada foi de 7.952 km\u00b2, o menor valor em quatro anos.<\/p>\n\n\n\n<p>O m\u00eas de julho de 2023, por sua vez, apresentou uma queda significativa de 66% no desmatamento na Amaz\u00f4nia. No entanto, a mesma \u00e9poca viu um aumento de 26% no desmatamento no Cerrado.<\/p>\n\n\n\n<p>O Ibama reportou um crescimento de 173% nas infra\u00e7\u00f5es durante os primeiros sete meses de 2023. Nesse mesmo intervalo, as multas aumentaram 147%, enquanto os embargos e termos de apreens\u00e3o cresceram 123% e 107%, respectivamente.<\/p>\n\n\n\n<p>Na regi\u00e3o amaz\u00f4nica, o Par\u00e1 lidera com 36,2% da \u00e1rea total desmatada, seguido pelo Mato Grosso. O recorde na s\u00e9rie hist\u00f3rica foi no per\u00edodo de 2019 a 2020, com 9.216 km\u00b2 de \u00e1rea devastada.<\/p>\n\n\n\n<p>No Cerrado, a Bahia \u00e9 o estado com a maior extens\u00e3o de \u00e1rea desmatada, contabilizando 26,3% do total. De acordo com o Deter, 78,7% do desmatamento est\u00e1 concentrado na regi\u00e3o do Matopiba, que engloba Maranh\u00e3o, Tocantins, Piau\u00ed e Bahia.<\/p>\n","protected":false},"excerpt":{"rendered":"<p>O desmatamento no Cerrado atingiu n\u00edveis recordes, enquanto a Amaz\u00f4nia experimentou seu maior \u00edndice de desmatamento em quatro anos, de acordo com as informa\u00e7\u00f5es mais recentes do Instituto Nacional de Pesquisas Especiais (INPE). Estas constata\u00e7\u00f5es s\u00e3o baseadas em dados coletados de agosto de 2022 a julho de 2023. No Cerrado, a devasta\u00e7\u00e3o alcan\u00e7ou uma extens\u00e3o [&hellip;]<\/p>\n","protected":false},"author":2,"featured_media":16670,"comment_status":"open","ping_status":"open","sticky":false,"template":"","format":"standard","meta":[],"categories":[10],"tags":[],"_links":{"self":[{"href":"https:\/\/dgospel.com.br\/portal\/index.php\/wp-json\/wp\/v2\/posts\/16669"}],"collection":[{"href":"https:\/\/dgospel.com.br\/portal\/index.php\/wp-json\/wp\/v2\/posts"}],"about":[{"href":"https:\/\/dgospel.com.br\/portal\/index.php\/wp-json\/wp\/v2\/types\/post"}],"author":[{"embeddable":true,"href":"https:\/\/dgospel.com.br\/portal\/index.php\/wp-json\/wp\/v2\/users\/2"}],"replies":[{"embeddable":true,"href":"https:\/\/dgospel.com.br\/portal\/index.php\/wp-json\/wp\/v2\/comments?post=16669"}],"version-history":[{"count":1,"href":"https:\/\/dgospel.com.br\/portal\/index.php\/wp-json\/wp\/v2\/posts\/16669\/revisions"}],"predecessor-version":[{"id":16671,"href":"https:\/\/dgospel.com.br\/portal\/index.php\/wp-json\/wp\/v2\/posts\/16669\/revisions\/16671"}],"wp:featuredmedia":[{"embeddable":true,"href":"https:\/\/dgospel.com.br\/portal\/index.php\/wp-json\/wp\/v2\/media\/16670"}],"wp:attachment":[{"href":"https:\/\/dgospel.com.br\/portal\/index.php\/wp-json\/wp\/v2\/media?parent=16669"}],"wp:term":[{"taxonomy":"category","embeddable":true,"href":"https:\/\/dgospel.com.br\/portal\/index.php\/wp-json\/wp\/v2\/categories?post=16669"},{"taxonomy":"post_tag","embeddable":true,"href":"https:\/\/dgospel.com.br\/portal\/index.php\/wp-json\/wp\/v2\/tags?post=16669"}],"curies":[{"name":"wp","href":"https:\/\/api.w.org\/{rel}","templated":true}]}}