{"id":16672,"date":"2023-08-04T09:54:17","date_gmt":"2023-08-04T12:54:17","guid":{"rendered":"http:\/\/dgospel.com.br\/portal\/?p=16672"},"modified":"2023-08-04T09:54:18","modified_gmt":"2023-08-04T12:54:18","slug":"governo-lula-bloqueia-r-332-milhoes-na-educacao-afetando-alfabetizacao-infantil-transporte-escolar-e-bolsas-de-estudo","status":"publish","type":"post","link":"https:\/\/dgospel.com.br\/portal\/index.php\/2023\/08\/04\/governo-lula-bloqueia-r-332-milhoes-na-educacao-afetando-alfabetizacao-infantil-transporte-escolar-e-bolsas-de-estudo\/","title":{"rendered":"Governo Lula bloqueia R$ 332 milh\u00f5es na educa\u00e7\u00e3o afetando alfabetiza\u00e7\u00e3o infantil, transporte escolar e bolsas de estudo"},"content":{"rendered":"\n<p>Na mesma semana em que lan\u00e7ou um novo programa de ensino em tempo integral, o Governo Luiz bloqueou R$ 332 milh\u00f5es de recursos p\u00fablicos, afetando a educa\u00e7\u00e3o b\u00e1sica, alfabetiza\u00e7\u00e3o infantil, transporte escolar e bolsas de estudo. A decis\u00e3o causou uma gigantesca onda de cr\u00edticas ao ministro da Educa\u00e7\u00e3o, Camilo Santana, segundo publica\u00e7\u00e3o do jornal Estad\u00e3o.<\/p>\n\n\n\n<p><a href=\"https:\/\/www.assembleia.pr.leg.br\/assembleia-itinerante\/sugestao-de-melhorias-para-sua-cidade\" target=\"_blank\" rel=\"noreferrer noopener\"><\/a><\/p>\n\n\n\n<p>Os cortes atingiram a educa\u00e7\u00e3o b\u00e1sica (R$ 201 milh\u00f5es), o desenvolvimento da alfabetiza\u00e7\u00e3o (R$ 131 milh\u00f5es) e outras \u00e1reas, como o transporte escolar (R$ 1 milh\u00e3o) e bolsas de pesquisa (R$ 50 milh\u00f5es), de acordo com a Associa\u00e7\u00e3o Contas Abertas.<\/p>\n\n\n\n<p>O bloqueio est\u00e1 ligado ao cumprimento do teto de gastos, e a libera\u00e7\u00e3o dos recursos depende de avalia\u00e7\u00f5es fiscais futuras, deixando as escolas sem garantia de receber o financiamento total esperado.&nbsp;A decis\u00e3o, que ocorreu por decreto no dia 28 e se tornou efetiva logo ap\u00f3s a san\u00e7\u00e3o do projeto da escola integral, busca evitar problemas nas contas p\u00fablicas, mas enfrenta cr\u00edticas sobre as \u00e1reas escolhidas para os cortes.<\/p>\n\n\n\n<p>\u201cO ideal seria que os cortes ocorressem em despesas como passagens a\u00e9reas, di\u00e1rias, loca\u00e7\u00e3o de im\u00f3veis, nas f\u00e9rias de 60 dias do judici\u00e1rio, nos super sal\u00e1rios, na quantidade de assessores dos parlamentares e outras, mas esses cortes ou n\u00e3o t\u00eam escala suficiente para os os ajustes necess\u00e1rios ou s\u00e3o tidos como invi\u00e1veis politicamente\u201d, afirmou Gil Castello Branco, secret\u00e1rio-geral da Associa\u00e7\u00e3o Contas Abertas, ao jornal Estad\u00e3o.<\/p>\n\n\n\n<p>O minist\u00e9rio defendeu que o bloqueio n\u00e3o afeta o programa de ensino integral e espera mais recursos para a educa\u00e7\u00e3o em 2024. No entanto, n\u00e3o esclareceu como as \u00e1reas afetadas ser\u00e3o ajustadas.<\/p>\n\n\n\n<p>O bloqueio tamb\u00e9m atingiu R$ 155 milh\u00f5es em emendas de bancada, provocando preocupa\u00e7\u00f5es entre parlamentares e impactando as negocia\u00e7\u00f5es pol\u00edticas. \u201cO que est\u00e1 no Or\u00e7amento j\u00e1 \u00e9 o m\u00ednimo do m\u00ednimo e, quando voc\u00ea corta, traz um preju\u00edzo muito grande para a educa\u00e7\u00e3o,\u201d disse Moses Rodrigues (Uni\u00e3o-CE), presidente da Comiss\u00e3o de Educa\u00e7\u00e3o da C\u00e2mara.<\/p>\n\n\n\n<p>A decis\u00e3o tamb\u00e9m foi questionada pelo deputado Luiz Fernando Faria (PSD-MG), coordenador da bancada de Minas Gerais, o estado mais afetado, que destacou a inseguran\u00e7a gerada nas institui\u00e7\u00f5es de ensino.<\/p>\n\n\n\n<p>Fonte: horabrasilia<\/p>\n","protected":false},"excerpt":{"rendered":"<p>Na mesma semana em que lan\u00e7ou um novo programa de ensino em tempo integral, o Governo Luiz bloqueou R$ 332 milh\u00f5es de recursos p\u00fablicos, afetando a educa\u00e7\u00e3o b\u00e1sica, alfabetiza\u00e7\u00e3o infantil, transporte escolar e bolsas de estudo. A decis\u00e3o causou uma gigantesca onda de cr\u00edticas ao ministro da Educa\u00e7\u00e3o, Camilo Santana, segundo publica\u00e7\u00e3o do jornal Estad\u00e3o. [&hellip;]<\/p>\n","protected":false},"author":2,"featured_media":16673,"comment_status":"open","ping_status":"open","sticky":false,"template":"","format":"standard","meta":[],"categories":[4],"tags":[13],"_links":{"self":[{"href":"https:\/\/dgospel.com.br\/portal\/index.php\/wp-json\/wp\/v2\/posts\/16672"}],"collection":[{"href":"https:\/\/dgospel.com.br\/portal\/index.php\/wp-json\/wp\/v2\/posts"}],"about":[{"href":"https:\/\/dgospel.com.br\/portal\/index.php\/wp-json\/wp\/v2\/types\/post"}],"author":[{"embeddable":true,"href":"https:\/\/dgospel.com.br\/portal\/index.php\/wp-json\/wp\/v2\/users\/2"}],"replies":[{"embeddable":true,"href":"https:\/\/dgospel.com.br\/portal\/index.php\/wp-json\/wp\/v2\/comments?post=16672"}],"version-history":[{"count":1,"href":"https:\/\/dgospel.com.br\/portal\/index.php\/wp-json\/wp\/v2\/posts\/16672\/revisions"}],"predecessor-version":[{"id":16674,"href":"https:\/\/dgospel.com.br\/portal\/index.php\/wp-json\/wp\/v2\/posts\/16672\/revisions\/16674"}],"wp:featuredmedia":[{"embeddable":true,"href":"https:\/\/dgospel.com.br\/portal\/index.php\/wp-json\/wp\/v2\/media\/16673"}],"wp:attachment":[{"href":"https:\/\/dgospel.com.br\/portal\/index.php\/wp-json\/wp\/v2\/media?parent=16672"}],"wp:term":[{"taxonomy":"category","embeddable":true,"href":"https:\/\/dgospel.com.br\/portal\/index.php\/wp-json\/wp\/v2\/categories?post=16672"},{"taxonomy":"post_tag","embeddable":true,"href":"https:\/\/dgospel.com.br\/portal\/index.php\/wp-json\/wp\/v2\/tags?post=16672"}],"curies":[{"name":"wp","href":"https:\/\/api.w.org\/{rel}","templated":true}]}}