{"id":16675,"date":"2023-08-04T10:02:33","date_gmt":"2023-08-04T13:02:33","guid":{"rendered":"http:\/\/dgospel.com.br\/portal\/?p=16675"},"modified":"2023-08-04T10:02:35","modified_gmt":"2023-08-04T13:02:35","slug":"camara-tem-sessao-solene-pelos-112-anos-da-assembleia-de-deus","status":"publish","type":"post","link":"https:\/\/dgospel.com.br\/portal\/index.php\/2023\/08\/04\/camara-tem-sessao-solene-pelos-112-anos-da-assembleia-de-deus\/","title":{"rendered":"C\u00e2mara tem sess\u00e3o solene pelos 112 anos da Assembleia de Deus"},"content":{"rendered":"\n<p>A C\u00e2mara dos Deputados realizou, nesta quinta-feira (3), a sess\u00e3o solene em homenagem aos 112 anos da Igreja Assembleia de Deus. A data foi completada em junho, mas o evento n\u00e3o p\u00f4de ser realizado no prazo previsto.<\/p>\n\n\n\n<p>Dois requerimentos foram apresentados na Casa de Leis para homenagear a denomina\u00e7\u00e3o evang\u00e9lica que foi fundada em 18 de junho de 1911 pelos mission\u00e1rios suecos Daniel Berg e Gunnar Vingren.<\/p>\n\n\n\n<p>O primeiro requerimento foi apresentado pelo deputado federal Raimundo Santos (PSD\/PA) que conseguiu apoio de outros 52 deputados que tamb\u00e9m assinaram o pedido. O segundo foi requerido pela deputada federal Delegada Ione (Avante-MG).<\/p>\n\n\n\n<p>\u2013 Hoje, a Assembleia de Deus \u00e9 a maior igreja pentecostal do Brasil, corresponde, em m\u00e9dia, a pouco mais da metade dos evang\u00e9licos do Pa\u00eds, e segue avan\u00e7ando para ter e ser uma resposta a tantas transforma\u00e7\u00f5es e desafios que o futuro reserva \u2013 disse a deputada em sua justificativa.<\/p>\n\n\n\n<p>A sess\u00e3o solene contou com a presen\u00e7a do pastor Samuel C\u00e2mara, presidente da Assembleia de Deus em Bel\u00e9m do Par\u00e1, a Igreja-M\u00e3e das Assembleias. O deputado federal Silas C\u00e2mara (Republicanos-AM), presidente da Frente Parlamentar Evang\u00e9lica (FPE) e o pastor Jo\u00e3o Adair Ferreira, do Minist\u00e9rio de Madureira.<\/p>\n\n\n\n<p><strong>Assista:<\/strong><\/p>\n\n\n\n<figure class=\"wp-block-embed is-type-video is-provider-youtube wp-block-embed-youtube wp-embed-aspect-16-9 wp-has-aspect-ratio\"><div class=\"wp-block-embed__wrapper\">\n<iframe loading=\"lazy\" title=\"Plen\u00e1rio - Homenagem aos 112 Anos de Funda\u00e7\u00e3o da Igreja Evang\u00e9lica Assembleia de Deus \u2013 03\/08\/2023\" width=\"630\" height=\"354\" src=\"https:\/\/www.youtube.com\/embed\/LyH2ywdCEeo?feature=oembed\" frameborder=\"0\" allow=\"accelerometer; autoplay; clipboard-write; encrypted-media; gyroscope; picture-in-picture; web-share\" allowfullscreen><\/iframe>\n<\/div><\/figure>\n","protected":false},"excerpt":{"rendered":"<p>A C\u00e2mara dos Deputados realizou, nesta quinta-feira (3), a sess\u00e3o solene em homenagem aos 112 anos da Igreja Assembleia de Deus. A data foi completada em junho, mas o evento n\u00e3o p\u00f4de ser realizado no prazo previsto. Dois requerimentos foram apresentados na Casa de Leis para homenagear a denomina\u00e7\u00e3o evang\u00e9lica que foi fundada em 18 [&hellip;]<\/p>\n","protected":false},"author":2,"featured_media":16676,"comment_status":"open","ping_status":"open","sticky":false,"template":"","format":"standard","meta":[],"categories":[8],"tags":[],"_links":{"self":[{"href":"https:\/\/dgospel.com.br\/portal\/index.php\/wp-json\/wp\/v2\/posts\/16675"}],"collection":[{"href":"https:\/\/dgospel.com.br\/portal\/index.php\/wp-json\/wp\/v2\/posts"}],"about":[{"href":"https:\/\/dgospel.com.br\/portal\/index.php\/wp-json\/wp\/v2\/types\/post"}],"author":[{"embeddable":true,"href":"https:\/\/dgospel.com.br\/portal\/index.php\/wp-json\/wp\/v2\/users\/2"}],"replies":[{"embeddable":true,"href":"https:\/\/dgospel.com.br\/portal\/index.php\/wp-json\/wp\/v2\/comments?post=16675"}],"version-history":[{"count":1,"href":"https:\/\/dgospel.com.br\/portal\/index.php\/wp-json\/wp\/v2\/posts\/16675\/revisions"}],"predecessor-version":[{"id":16677,"href":"https:\/\/dgospel.com.br\/portal\/index.php\/wp-json\/wp\/v2\/posts\/16675\/revisions\/16677"}],"wp:featuredmedia":[{"embeddable":true,"href":"https:\/\/dgospel.com.br\/portal\/index.php\/wp-json\/wp\/v2\/media\/16676"}],"wp:attachment":[{"href":"https:\/\/dgospel.com.br\/portal\/index.php\/wp-json\/wp\/v2\/media?parent=16675"}],"wp:term":[{"taxonomy":"category","embeddable":true,"href":"https:\/\/dgospel.com.br\/portal\/index.php\/wp-json\/wp\/v2\/categories?post=16675"},{"taxonomy":"post_tag","embeddable":true,"href":"https:\/\/dgospel.com.br\/portal\/index.php\/wp-json\/wp\/v2\/tags?post=16675"}],"curies":[{"name":"wp","href":"https:\/\/api.w.org\/{rel}","templated":true}]}}