{"id":16678,"date":"2023-08-04T10:09:48","date_gmt":"2023-08-04T13:09:48","guid":{"rendered":"http:\/\/dgospel.com.br\/portal\/?p=16678"},"modified":"2023-08-04T10:09:50","modified_gmt":"2023-08-04T13:09:50","slug":"cristaos-respondem-a-violencia-na-nigeria-com-vigilias-de-oracao","status":"publish","type":"post","link":"https:\/\/dgospel.com.br\/portal\/index.php\/2023\/08\/04\/cristaos-respondem-a-violencia-na-nigeria-com-vigilias-de-oracao\/","title":{"rendered":"Crist\u00e3os respondem \u00e0 viol\u00eancia na Nig\u00e9ria com vig\u00edlias de ora\u00e7\u00e3o"},"content":{"rendered":"\n<p>Os&nbsp;<a href=\"https:\/\/guiame.com.br\/gospel\/missoes-acao-social\/crista-prega-seus-sequestradores-na-nigeria-jesus-pode-perdoa-los.html\"><strong>ataques aos crist\u00e3os na Nig\u00e9ria<\/strong><\/a>&nbsp;est\u00e3o cada dia mais intensos, conforme a Portas Abertas. O governo local afirma que os respons\u00e1veis pela viol\u00eancia s\u00e3o extremistas fulanis que tradicionalmente roubam propriedades e queimam casas de crist\u00e3os, al\u00e9m dos in\u00fameros assassinatos, especialmente na \u00e1rea de Mangu.<\/p>\n\n\n\n<p>\u201c<a href=\"https:\/\/guiame.com.br\/gospel\/mundo-cristao\/orei-por-comida-e-agua-diz-homem-que-viajou-escondido-em-navio-da-nigeria-ate-o-brasil.html\"><strong>Crist\u00e3os<\/strong><\/a>&nbsp;no Centro da Nig\u00e9ria organizaram vig\u00edlias de ora\u00e7\u00e3o por causa dos ataques \u00e0s comunidades\u201d, disse um colaborador local.<\/p>\n\n\n\n<p>\u201cMais de 350 pessoas foram mortas e 80 mil se tornaram deslocadas internas em apenas um estado\u201d, contou.<\/p>\n\n\n\n<p><br><strong>\u2018Plano para dizimar o povo\u2019<\/strong><\/p>\n\n\n\n<p>O governador de Plateau declarou em entrevista: \u201cO que testemunhamos foi um plano meticulosamente operado para dizimar nosso povo\u201d.<\/p>\n\n\n\n<p>Um crist\u00e3o local, Gideon contou que nos \u00faltimos meses o conflito se intensificou rapidamente. \u201cAt\u00e9 quando teremos que aguentar os assassinatos criminosos motivados pela religi\u00e3o na Nig\u00e9ria?\u201d, questionou preocupado.<br>Segundo o governador, h\u00e1 quase duas semanas, come\u00e7ou a opera\u00e7\u00e3o especial para conter a crise que conseguiu estabilizar a situa\u00e7\u00e3o no dia 22 de julho.<\/p>\n\n\n\n<p><strong>Situa\u00e7\u00e3o da Igreja na Nig\u00e9ria<\/strong><\/p>\n\n\n\n<p>A Nig\u00e9ria ocupa o 6\u00ba lugar na Lista Mundial da Persegui\u00e7\u00e3o 2023, classificado entre os 10 pa\u00edses onde o cristianismo \u00e9 mais hostilizado.<\/p>\n\n\n\n<p>H\u00e1 poucos dias o&nbsp;<strong>Guiame<\/strong>&nbsp;publicou sobre os terroristas Fulani que est\u00e3o&nbsp;<a href=\"https:\/\/guiame.com.br\/gospel\/missoes-acao-social\/terroristas-fulani-vao-de-vila-em-vila-matando-cristaos-na-nigeria.html\"><strong>matando crist\u00e3os de vila em vila<\/strong><\/a>. Trinta e sete crist\u00e3os foram mortos em apenas tr\u00eas semanas, por homens que chegaram em motocicletas, durante a noite, nas aldeias predominantemente crist\u00e3s de Igba-Ukyor e Tse Baka, condado de Ushongo.<\/p>\n\n\n\n<p>Comunidades vizinhas, em Barkin-Ladi e Riyom, tamb\u00e9m foram impactadas pelo aumento da viol\u00eancia. A Portas Abertas pede ora\u00e7\u00f5es pela Igreja na Nig\u00e9ria.<\/p>\n","protected":false},"excerpt":{"rendered":"<p>Os&nbsp;ataques aos crist\u00e3os na Nig\u00e9ria&nbsp;est\u00e3o cada dia mais intensos, conforme a Portas Abertas. O governo local afirma que os respons\u00e1veis pela viol\u00eancia s\u00e3o extremistas fulanis que tradicionalmente roubam propriedades e queimam casas de crist\u00e3os, al\u00e9m dos in\u00fameros assassinatos, especialmente na \u00e1rea de Mangu. \u201cCrist\u00e3os&nbsp;no Centro da Nig\u00e9ria organizaram vig\u00edlias de ora\u00e7\u00e3o por causa dos ataques [&hellip;]<\/p>\n","protected":false},"author":2,"featured_media":16679,"comment_status":"open","ping_status":"open","sticky":false,"template":"","format":"standard","meta":[],"categories":[16],"tags":[],"_links":{"self":[{"href":"https:\/\/dgospel.com.br\/portal\/index.php\/wp-json\/wp\/v2\/posts\/16678"}],"collection":[{"href":"https:\/\/dgospel.com.br\/portal\/index.php\/wp-json\/wp\/v2\/posts"}],"about":[{"href":"https:\/\/dgospel.com.br\/portal\/index.php\/wp-json\/wp\/v2\/types\/post"}],"author":[{"embeddable":true,"href":"https:\/\/dgospel.com.br\/portal\/index.php\/wp-json\/wp\/v2\/users\/2"}],"replies":[{"embeddable":true,"href":"https:\/\/dgospel.com.br\/portal\/index.php\/wp-json\/wp\/v2\/comments?post=16678"}],"version-history":[{"count":1,"href":"https:\/\/dgospel.com.br\/portal\/index.php\/wp-json\/wp\/v2\/posts\/16678\/revisions"}],"predecessor-version":[{"id":16680,"href":"https:\/\/dgospel.com.br\/portal\/index.php\/wp-json\/wp\/v2\/posts\/16678\/revisions\/16680"}],"wp:featuredmedia":[{"embeddable":true,"href":"https:\/\/dgospel.com.br\/portal\/index.php\/wp-json\/wp\/v2\/media\/16679"}],"wp:attachment":[{"href":"https:\/\/dgospel.com.br\/portal\/index.php\/wp-json\/wp\/v2\/media?parent=16678"}],"wp:term":[{"taxonomy":"category","embeddable":true,"href":"https:\/\/dgospel.com.br\/portal\/index.php\/wp-json\/wp\/v2\/categories?post=16678"},{"taxonomy":"post_tag","embeddable":true,"href":"https:\/\/dgospel.com.br\/portal\/index.php\/wp-json\/wp\/v2\/tags?post=16678"}],"curies":[{"name":"wp","href":"https:\/\/api.w.org\/{rel}","templated":true}]}}