{"id":16681,"date":"2023-08-04T10:13:24","date_gmt":"2023-08-04T13:13:24","guid":{"rendered":"http:\/\/dgospel.com.br\/portal\/?p=16681"},"modified":"2023-08-04T10:13:26","modified_gmt":"2023-08-04T13:13:26","slug":"conexao-com-deus-ajuda-a-combater-problemas-de-saude-mental-diz-profissional","status":"publish","type":"post","link":"https:\/\/dgospel.com.br\/portal\/index.php\/2023\/08\/04\/conexao-com-deus-ajuda-a-combater-problemas-de-saude-mental-diz-profissional\/","title":{"rendered":"Conex\u00e3o com Deus ajuda a combater problemas de sa\u00fade mental, diz profissional"},"content":{"rendered":"\n<p>Em um mundo repleto de desafios e aparentemente mais corrido, cuidar da pr\u00f3pria sa\u00fade mental \u00e9 vital para conseguir lidar com as demandas da vida, algo que Barbara Benevenuto, Gerente de Marketing Brasil do&nbsp;<a href=\"https:\/\/glorify-app.com\/pt-br\/\">Glorify<\/a>, um aplicativo que incentiva a pr\u00e1tica do devocional, entende ser de suma import\u00e2ncia.<\/p>\n\n\n\n<p>Nos \u00faltimos anos,&nbsp;<a href=\"https:\/\/noticias.gospelmais.com.br\/estudo-jovens-que-oram-tem-mais-saude-mental-158441.html\">v\u00e1rios estudos<\/a>&nbsp;t\u00eam apontado a import\u00e2ncia da conex\u00e3o com Deus, precisamente na forma de ora\u00e7\u00e3o, como algo que tamb\u00e9m produz melhoria em diversas \u00e1reas da vida, como a psicol\u00f3gica.<\/p>\n\n\n\n<p>Para Benevenuto, um dos problemas \u00e9 que muitas pessoas se envolvem tanto com a correria no dia a dia que n\u00e3o percebem o quanto deixam de cuidar de si mesmas, o que inclui a falta de relacionamento com Deus.<\/p>\n\n\n\n<p>\u201cInfelizmente, as pessoas andam muito preocupadas em resolver os problemas da vida que esquecem de cuidar delas mesmas\u201d, diz a profissional. \u201cIsto tamb\u00e9m acontece com os crist\u00e3os.\u201d<\/p>\n\n\n\n<h2>Enfoque correto<\/h2>\n\n\n\n<p>Benevenuto atribui esse esquecimento sobre a sa\u00fade mental ao enfoque di\u00e1rio. \u201c\u00c0s vezes deixamos de criar uma conex\u00e3o maior com Deus, pois estamos focados em outros assuntos, e isto \u00e9 um dos principais erros\u201d, diz ela.<\/p>\n\n\n\n<p>Para o cantor e compositor Regis Danese, a disciplina com rela\u00e7\u00e3o \u00e0 conex\u00e3o com Deus deve ser levada a s\u00e9rio e compartilhada em fam\u00edlia. Durante a sua participa\u00e7\u00e3o da Expoevang\u00e9lica 2023, ele&nbsp; defendeu o devocional como algo indispens\u00e1vel para os crist\u00e3os, citando sua pr\u00f3pria experi\u00eancia como exemplo.<\/p>\n\n\n\n<p>\u201cFa\u00e7a cultos no seu lar, ora\u00e7\u00e3o, estude a B\u00edblia. N\u00e3o desperdice seu tempo com coisas bobas\u201d, disse ele em uma entrevista. Na ocasi\u00e3o, o cantor lembrou de como isso tem impactado a vida espiritual e sa\u00fade mental da sua filha, por exemplo, uma adolescente de 14 anos.<\/p>\n\n\n\n<p>\u201cA Brendinha tem buscado a Deus de maneira t\u00e3o intensa, que tem transbordado na casa inteirinha. Hoje eu vivo isso dentro da minha casa\u201d, completou<\/p>\n","protected":false},"excerpt":{"rendered":"<p>Em um mundo repleto de desafios e aparentemente mais corrido, cuidar da pr\u00f3pria sa\u00fade mental \u00e9 vital para conseguir lidar com as demandas da vida, algo que Barbara Benevenuto, Gerente de Marketing Brasil do&nbsp;Glorify, um aplicativo que incentiva a pr\u00e1tica do devocional, entende ser de suma import\u00e2ncia. Nos \u00faltimos anos,&nbsp;v\u00e1rios estudos&nbsp;t\u00eam apontado a import\u00e2ncia da [&hellip;]<\/p>\n","protected":false},"author":2,"featured_media":16682,"comment_status":"open","ping_status":"open","sticky":false,"template":"","format":"standard","meta":[],"categories":[11,12],"tags":[],"_links":{"self":[{"href":"https:\/\/dgospel.com.br\/portal\/index.php\/wp-json\/wp\/v2\/posts\/16681"}],"collection":[{"href":"https:\/\/dgospel.com.br\/portal\/index.php\/wp-json\/wp\/v2\/posts"}],"about":[{"href":"https:\/\/dgospel.com.br\/portal\/index.php\/wp-json\/wp\/v2\/types\/post"}],"author":[{"embeddable":true,"href":"https:\/\/dgospel.com.br\/portal\/index.php\/wp-json\/wp\/v2\/users\/2"}],"replies":[{"embeddable":true,"href":"https:\/\/dgospel.com.br\/portal\/index.php\/wp-json\/wp\/v2\/comments?post=16681"}],"version-history":[{"count":1,"href":"https:\/\/dgospel.com.br\/portal\/index.php\/wp-json\/wp\/v2\/posts\/16681\/revisions"}],"predecessor-version":[{"id":16683,"href":"https:\/\/dgospel.com.br\/portal\/index.php\/wp-json\/wp\/v2\/posts\/16681\/revisions\/16683"}],"wp:featuredmedia":[{"embeddable":true,"href":"https:\/\/dgospel.com.br\/portal\/index.php\/wp-json\/wp\/v2\/media\/16682"}],"wp:attachment":[{"href":"https:\/\/dgospel.com.br\/portal\/index.php\/wp-json\/wp\/v2\/media?parent=16681"}],"wp:term":[{"taxonomy":"category","embeddable":true,"href":"https:\/\/dgospel.com.br\/portal\/index.php\/wp-json\/wp\/v2\/categories?post=16681"},{"taxonomy":"post_tag","embeddable":true,"href":"https:\/\/dgospel.com.br\/portal\/index.php\/wp-json\/wp\/v2\/tags?post=16681"}],"curies":[{"name":"wp","href":"https:\/\/api.w.org\/{rel}","templated":true}]}}