{"id":16684,"date":"2023-08-04T10:16:54","date_gmt":"2023-08-04T13:16:54","guid":{"rendered":"http:\/\/dgospel.com.br\/portal\/?p=16684"},"modified":"2023-08-04T10:16:55","modified_gmt":"2023-08-04T13:16:55","slug":"para-combater-doutrinacao-tarcisio-rejeita-livros-do-mec-e-sp-tera-material-proprio","status":"publish","type":"post","link":"https:\/\/dgospel.com.br\/portal\/index.php\/2023\/08\/04\/para-combater-doutrinacao-tarcisio-rejeita-livros-do-mec-e-sp-tera-material-proprio\/","title":{"rendered":"Para combater doutrina\u00e7\u00e3o, Tarc\u00edsio rejeita livros do MEC e SP ter\u00e1 material pr\u00f3prio"},"content":{"rendered":"\n<p>O governador Tarc\u00edsio de Freitas determinou \u00e0 Secretaria de Educa\u00e7\u00e3o a produ\u00e7\u00e3o de materiais did\u00e1ticos pr\u00f3prios do estado de S\u00e3o Paulo, rejeitando a ades\u00e3o aos livros do Minist\u00e9rio da Educa\u00e7\u00e3o. A ideia \u00e9 melhorar o conte\u00fado e, simultaneamente, impedir que temas ideol\u00f3gicos sejam impostos aos alunos.<\/p>\n\n\n\n<p>Ao longo dos \u00faltimos anos, a Secretaria de Educa\u00e7\u00e3o de S\u00e3o Paulo aderiu aos livros do Programa Nacional de Livros Did\u00e1ticos (PNLD) do Minist\u00e9rio da Educa\u00e7\u00e3o (MEC), mas a partir desse ano o estado ir\u00e1 produzir materiais pr\u00f3prios, focados em um conte\u00fado mais aprofundado nas mat\u00e9rias da grade curricular.<\/p>\n\n\n\n<p>Fontes do Pal\u00e1cio dos Bandeirantes indicam que a iniciativa \u00e9 uma forma indireta de combater a doutrina\u00e7\u00e3o ideol\u00f3gica dos alunos, ocupando o tempo de aula e o material usado pelos professores com assuntos pertinentes \u00e0s respectivas mat\u00e9rias. A determina\u00e7\u00e3o partiu do&nbsp;<a href=\"https:\/\/noticias.gospelmais.com.br\/tarcisio-participa-marcha-para-jesus-ensinamentos-deus-162561.html\"><strong>governador Tarc\u00edsio de Freitas<\/strong><\/a>, que quer ver os \u00edndices educacionais do estado se destacarem positivamente nas provas de avalia\u00e7\u00e3o.<\/p>\n\n\n\n<p>A decis\u00e3o foi tomada pela percep\u00e7\u00e3o de que o aparelhamento ideol\u00f3gico do MEC tem imposto conte\u00fados estranhos \u00e0s mat\u00e9rias da grade curricular, prejudicando o aprendizado dos alunos.<\/p>\n\n\n\n<p>Dessa maneira, o&nbsp;<a target=\"_blank\" href=\"https:\/\/www.instagram.com\/p\/CvJAx-vJ_l5\/\" rel=\"noreferrer noopener\">governador<\/a>&nbsp;decidiu que a melhor alternativa seria investir em um material de melhor qualidade para reverter o cen\u00e1rio e formar alunos mais capacitados, usando plataformas digitais para levar o conte\u00fado aos alunos.<\/p>\n\n\n\n<p>O an\u00fancio, no entanto, gerou rea\u00e7\u00f5es contrariadas da Associa\u00e7\u00e3o Brasileira de Livros e Conte\u00fados Educacionais, que criticou a in\u00e9dita decis\u00e3o de rejei\u00e7\u00e3o ao PNLD e cobrou explica\u00e7\u00f5es da Secretaria de Educa\u00e7\u00e3o.<\/p>\n\n\n\n<p>Em resposta, a Secretaria da Educa\u00e7\u00e3o afirmou que a rede estadual paulista \u201cpossui material did\u00e1tico pr\u00f3prio alinhado ao curr\u00edculo do estado e usado nas 5,3 mil escolas, mantendo a coer\u00eancia pedag\u00f3gica\u201d.<\/p>\n\n\n\n<p>Para as s\u00e9ries iniciais, o material oferecido aos alunos ser\u00e1 digital, mas com suporte f\u00edsico. J\u00e1 nas s\u00e9ries finais do Ensino Fundamental, entre o 6\u00ba ao 9\u00ba ano, assim como todo o Ensino M\u00e9dio, o material ser\u00e1 totalmente digital.<\/p>\n\n\n\n<p>\u201cDentro da rede a gente tinha um conjunto de livros did\u00e1ticos e o que a gente est\u00e1 fazendo \u00e9 uniformizando todos esses livros em um material digital. O que estamos buscando \u00e9 uma uniformiza\u00e7\u00e3o e coer\u00eancia pedag\u00f3gica em todas as escolas do estado\u201d, declarou o secret\u00e1rio executivo da pasta, Vinicius Neiva.<\/p>\n","protected":false},"excerpt":{"rendered":"<p>O governador Tarc\u00edsio de Freitas determinou \u00e0 Secretaria de Educa\u00e7\u00e3o a produ\u00e7\u00e3o de materiais did\u00e1ticos pr\u00f3prios do estado de S\u00e3o Paulo, rejeitando a ades\u00e3o aos livros do Minist\u00e9rio da Educa\u00e7\u00e3o. A ideia \u00e9 melhorar o conte\u00fado e, simultaneamente, impedir que temas ideol\u00f3gicos sejam impostos aos alunos. Ao longo dos \u00faltimos anos, a Secretaria de Educa\u00e7\u00e3o [&hellip;]<\/p>\n","protected":false},"author":2,"featured_media":16685,"comment_status":"open","ping_status":"open","sticky":false,"template":"","format":"standard","meta":[],"categories":[4],"tags":[13],"_links":{"self":[{"href":"https:\/\/dgospel.com.br\/portal\/index.php\/wp-json\/wp\/v2\/posts\/16684"}],"collection":[{"href":"https:\/\/dgospel.com.br\/portal\/index.php\/wp-json\/wp\/v2\/posts"}],"about":[{"href":"https:\/\/dgospel.com.br\/portal\/index.php\/wp-json\/wp\/v2\/types\/post"}],"author":[{"embeddable":true,"href":"https:\/\/dgospel.com.br\/portal\/index.php\/wp-json\/wp\/v2\/users\/2"}],"replies":[{"embeddable":true,"href":"https:\/\/dgospel.com.br\/portal\/index.php\/wp-json\/wp\/v2\/comments?post=16684"}],"version-history":[{"count":1,"href":"https:\/\/dgospel.com.br\/portal\/index.php\/wp-json\/wp\/v2\/posts\/16684\/revisions"}],"predecessor-version":[{"id":16686,"href":"https:\/\/dgospel.com.br\/portal\/index.php\/wp-json\/wp\/v2\/posts\/16684\/revisions\/16686"}],"wp:featuredmedia":[{"embeddable":true,"href":"https:\/\/dgospel.com.br\/portal\/index.php\/wp-json\/wp\/v2\/media\/16685"}],"wp:attachment":[{"href":"https:\/\/dgospel.com.br\/portal\/index.php\/wp-json\/wp\/v2\/media?parent=16684"}],"wp:term":[{"taxonomy":"category","embeddable":true,"href":"https:\/\/dgospel.com.br\/portal\/index.php\/wp-json\/wp\/v2\/categories?post=16684"},{"taxonomy":"post_tag","embeddable":true,"href":"https:\/\/dgospel.com.br\/portal\/index.php\/wp-json\/wp\/v2\/tags?post=16684"}],"curies":[{"name":"wp","href":"https:\/\/api.w.org\/{rel}","templated":true}]}}