{"id":16687,"date":"2023-08-04T10:20:48","date_gmt":"2023-08-04T13:20:48","guid":{"rendered":"http:\/\/dgospel.com.br\/portal\/?p=16687"},"modified":"2023-08-04T10:20:49","modified_gmt":"2023-08-04T13:20:49","slug":"santa-catarina-institui-marcha-para-jesus-patrimonio-cultural-imaterial","status":"publish","type":"post","link":"https:\/\/dgospel.com.br\/portal\/index.php\/2023\/08\/04\/santa-catarina-institui-marcha-para-jesus-patrimonio-cultural-imaterial\/","title":{"rendered":"Santa Catarina institui Marcha para Jesus patrim\u00f4nio cultural imaterial"},"content":{"rendered":"\n<p>Em Santa Catarina, o governador Jorginho Mello (PL) sancionou a lei que oficializa a Marcha para Jesus como Patrim\u00f4nio Cultural de natureza imaterial do Estado. Na \u00faltima segunda-feira (31), uma solenidade na Casa d\u2019Agron\u00f4mica marcou o momento hist\u00f3rico.<\/p>\n\n\n\n<p>\u201cAs pessoas est\u00e3o precisando cuidar mais da alma e da fam\u00edlia. Fiz quest\u00e3o de realizar a san\u00e7\u00e3o na Casa d\u2019Agron\u00f4mica para demonstrar o valor e o respeito que eu tenho por toda a classe evang\u00e9lica de Santa Catarina e do Brasil\u201d, afirmou Jorginho Mello ao destacar a import\u00e2ncia da lei para a consolida\u00e7\u00e3o do evento.<\/p>\n\n\n\n<p>Vale destacar que o projeto sancionado \u00e9 de autoria do deputado S\u00e9rgio Motta (Republicanos). A proposta foi aprovada, no dia 11 de julho, na Assembleia Legislativa de Santa Catarina (Alesc), com ampla maioria de votos.<\/p>\n\n\n\n<p>\u201c\u00c9 uma alegria termos hoje a lei sancionada pelo nosso governador e queria agradecer tamb\u00e9m o apoio dos deputados da Alesc. A Marcha para Jesus \u00e9 realizada em 200 pa\u00edses reunindo milhares e milhares de pessoas. Nada mais justo do que considerar e reconhec\u00ea-la como patrim\u00f4nio imaterial\u201d, afirmou Motta.<\/p>\n\n\n\n<p>O presidente do Conselho Estadual de Pastores, Leonardo Alu\u00edsio, disse que a aprova\u00e7\u00e3o da lei representa um presente para a popula\u00e7\u00e3o catarinense. Ele agradeceu a Deus e ao governador pelo ato assertivo. Em Florian\u00f3polis, a Marcha para Jesus est\u00e1 marcada para o dia 4 de novembro, com expectativa de reunir milhares de pessoas.<\/p>\n\n\n\n<p>No Brasil, a&nbsp;<a href=\"https:\/\/folhagospel.com\/marcha-para-jesus-recebeu-mais-de-r-1-milhao-em-emendas-de-vereadores-de-sp\/\" target=\"_blank\" rel=\"noreferrer noopener\">Marcha para Jesus<\/a>&nbsp;teve in\u00edcio em 1993, sendo o maior evento evang\u00e9lico do pa\u00eds. A iniciativa est\u00e1 presente em mais de 200 pa\u00edses. Aberto ao p\u00fablico, a proposta destaca a paz, a fam\u00edlia e, claro, os valores de Cristo.<\/p>\n\n\n\n<p><strong>Fonte: Comunh\u00e3o<\/strong><\/p>\n","protected":false},"excerpt":{"rendered":"<p>Em Santa Catarina, o governador Jorginho Mello (PL) sancionou a lei que oficializa a Marcha para Jesus como Patrim\u00f4nio Cultural de natureza imaterial do Estado. Na \u00faltima segunda-feira (31), uma solenidade na Casa d\u2019Agron\u00f4mica marcou o momento hist\u00f3rico. \u201cAs pessoas est\u00e3o precisando cuidar mais da alma e da fam\u00edlia. Fiz quest\u00e3o de realizar a san\u00e7\u00e3o [&hellip;]<\/p>\n","protected":false},"author":2,"featured_media":16688,"comment_status":"open","ping_status":"open","sticky":false,"template":"","format":"standard","meta":[],"categories":[11,12],"tags":[],"_links":{"self":[{"href":"https:\/\/dgospel.com.br\/portal\/index.php\/wp-json\/wp\/v2\/posts\/16687"}],"collection":[{"href":"https:\/\/dgospel.com.br\/portal\/index.php\/wp-json\/wp\/v2\/posts"}],"about":[{"href":"https:\/\/dgospel.com.br\/portal\/index.php\/wp-json\/wp\/v2\/types\/post"}],"author":[{"embeddable":true,"href":"https:\/\/dgospel.com.br\/portal\/index.php\/wp-json\/wp\/v2\/users\/2"}],"replies":[{"embeddable":true,"href":"https:\/\/dgospel.com.br\/portal\/index.php\/wp-json\/wp\/v2\/comments?post=16687"}],"version-history":[{"count":1,"href":"https:\/\/dgospel.com.br\/portal\/index.php\/wp-json\/wp\/v2\/posts\/16687\/revisions"}],"predecessor-version":[{"id":16689,"href":"https:\/\/dgospel.com.br\/portal\/index.php\/wp-json\/wp\/v2\/posts\/16687\/revisions\/16689"}],"wp:featuredmedia":[{"embeddable":true,"href":"https:\/\/dgospel.com.br\/portal\/index.php\/wp-json\/wp\/v2\/media\/16688"}],"wp:attachment":[{"href":"https:\/\/dgospel.com.br\/portal\/index.php\/wp-json\/wp\/v2\/media?parent=16687"}],"wp:term":[{"taxonomy":"category","embeddable":true,"href":"https:\/\/dgospel.com.br\/portal\/index.php\/wp-json\/wp\/v2\/categories?post=16687"},{"taxonomy":"post_tag","embeddable":true,"href":"https:\/\/dgospel.com.br\/portal\/index.php\/wp-json\/wp\/v2\/tags?post=16687"}],"curies":[{"name":"wp","href":"https:\/\/api.w.org\/{rel}","templated":true}]}}