{"id":16717,"date":"2023-08-09T22:41:13","date_gmt":"2023-08-10T01:41:13","guid":{"rendered":"http:\/\/dgospel.com.br\/portal\/?p=16717"},"modified":"2023-08-09T22:41:15","modified_gmt":"2023-08-10T01:41:15","slug":"por-que-tantas-mentiras-contra-romeu-zema","status":"publish","type":"post","link":"https:\/\/dgospel.com.br\/portal\/index.php\/2023\/08\/09\/por-que-tantas-mentiras-contra-romeu-zema\/","title":{"rendered":"Por que tantas mentiras contra Romeu Zema?"},"content":{"rendered":"\n<p>Um tra\u00e7o bastante comentado sobre histerias e apedrejamentos virtuais \u00e9 o duplo padr\u00e3o. Enquanto figuras da esquerda s\u00e3o perdoadas e tem seus \u201cdeslizes\u201d interpretados de forma benevolente, aos opositores da hegemonia cabe apenas o furioso apedrejamento.&nbsp;<strong>Um comportamento ainda mais nocivo surgiu nos \u00faltimos dias: o de atacar e criticar um l\u00edder por ele ter dito palavras que simplesmente n\u00e3o disse.&nbsp;<\/strong><\/p>\n\n\n\n<p>Foi o que ocorreu com o governador Romeu Zema. Em entrevista ao Estad\u00e3o, Zema destacou a necessidade dos estados do Sul e do Sudeste fortalecerem sua representa\u00e7\u00e3o pol\u00edtica em Bras\u00edlia.&nbsp;<strong>O jornal acabou chamando a iniciativa \u201ccontra o Nordeste\u201d, apesar do governador n\u00e3o ter usado essas palavras em nenhum momento.&nbsp;&nbsp;<\/strong><\/p>\n\n\n\n<p><strong>A igualdade na representa\u00e7\u00e3o pol\u00edtica n\u00e3o \u00e9 s\u00f3 uma quest\u00e3o de justi\u00e7a, mas um fator necess\u00e1rio para evitar tens\u00f5es regionais e manter a unidade nacional.<\/strong>&nbsp;Lutar por essa igualdade \u00e9 algo que se espera de qualquer l\u00edder que tenha a inten\u00e7\u00e3o de defender os interesses de seu estado. Como lembrou o governador ga\u00facho, Eduardo Leite, os governadores precisam se unir em torno do que \u00e9 pauta comum a seus estados.&nbsp;<\/p>\n\n\n\n<p>Apesar disso, e apesar do Estad\u00e3o ter corrigido a manchete horas depois, a turba enfurecida n\u00e3o se conteve.<strong>&nbsp;Fl\u00e1vio Dino, o ministro da Justi\u00e7a que atribui para si o direito de definir o que \u00e9 verdade e diz combater as fake news, deu for\u00e7a aos ataques e \u00e0 desinforma\u00e7\u00e3o.<\/strong>&nbsp;Afirmou que Zema estaria \u201cfomentando divis\u00f5es regionais\u201d.&nbsp;<\/p>\n\n\n\n<p>\u00c9 com esse n\u00edvel de interpreta\u00e7\u00e3o de texto e cuidado com a verdade que Fl\u00e1vio Dino espera combater a \u201cdesordem informacional\u201d?<\/p>\n\n\n\n<p>N\u00e3o custa lembrar da forma\u00e7\u00e3o do Cons\u00f3rcio Nordeste em 2019. O mesmo Fl\u00e1vio Dino, ent\u00e3o governador do Maranh\u00e3o, junto com Rui Costa (PT), da Bahia, e Camilo Santana (PT), do Cear\u00e1, lideraram a forma\u00e7\u00e3o desse grupo criado para defender os interesses da regi\u00e3o.<strong>&nbsp;Ningu\u00e9m foi acusado de \u201cseparatista\u201d ou \u201ctraidor da p\u00e1tria\u201d pela iniciativa.<\/strong><\/p>\n\n\n\n<p>Al\u00e9m do oportunismo pol\u00edtico, Zema foi alvo da imprensa militante. Foi chamado dos adjetivos mais abjetos por pessoas que n\u00e3o leram ou fingiram n\u00e3o ter lido o inteiro teor de sua entrevista.&nbsp;<\/p>\n\n\n\n<p>Cabe, portanto, a pergunta: por que o governador incomoda tanto? Por que tantas mentiras contra ele?<\/p>\n\n\n\n<p>Ao assumir o governo de Minas, em 2019, Zema encontrou um estado que mal conseguia pagar o sal\u00e1rio de professores e demais funcion\u00e1rios. Anos de administra\u00e7\u00e3o do PT haviam arruinado as contas p\u00fablicas e amea\u00e7ado a oferta de servi\u00e7os b\u00e1sicos \u00e0 popula\u00e7\u00e3o mineira.&nbsp;<strong>O pol\u00edtico do NOVO conseguiu p\u00f4r os sal\u00e1rios em dia, sanear estatais e atrair investimentos.<\/strong>&nbsp;A popularidade foi tamanha que Zema n\u00e3o apenas foi reeleito no primeiro turno, como o PT mal chegou a apresentar candidato pr\u00f3prio ao governo do estado.&nbsp;<\/p>\n\n\n\n<p>A boa gest\u00e3o, no entanto, incomoda.&nbsp;<strong>Um representante da nova pol\u00edtica, vindo de um estado que em geral espelha o resultado de elei\u00e7\u00f5es nacionais, amea\u00e7a os viciados em poder,<\/strong>&nbsp;aqueles que se valem da destrui\u00e7\u00e3o de reputa\u00e7\u00f5es para eliminar advers\u00e1rios.&nbsp;<\/p>\n\n\n\n<p><strong>Pois n\u00e3o conseguir\u00e3o.\u00a0A cada novo ataque, Zema e o NOVO se fortalecem.\u00a0O brasileiro se solidariza com quem sofre injusti\u00e7as por lutar contra o sistema.\u00a0<\/strong><\/p>\n\n\n\n<p><\/p>\n","protected":false},"excerpt":{"rendered":"<p>Um tra\u00e7o bastante comentado sobre histerias e apedrejamentos virtuais \u00e9 o duplo padr\u00e3o. Enquanto figuras da esquerda s\u00e3o perdoadas e tem seus \u201cdeslizes\u201d interpretados de forma benevolente, aos opositores da hegemonia cabe apenas o furioso apedrejamento.&nbsp;Um comportamento ainda mais nocivo surgiu nos \u00faltimos dias: o de atacar e criticar um l\u00edder por ele ter dito [&hellip;]<\/p>\n","protected":false},"author":2,"featured_media":16718,"comment_status":"open","ping_status":"open","sticky":false,"template":"","format":"standard","meta":[],"categories":[19],"tags":[],"_links":{"self":[{"href":"https:\/\/dgospel.com.br\/portal\/index.php\/wp-json\/wp\/v2\/posts\/16717"}],"collection":[{"href":"https:\/\/dgospel.com.br\/portal\/index.php\/wp-json\/wp\/v2\/posts"}],"about":[{"href":"https:\/\/dgospel.com.br\/portal\/index.php\/wp-json\/wp\/v2\/types\/post"}],"author":[{"embeddable":true,"href":"https:\/\/dgospel.com.br\/portal\/index.php\/wp-json\/wp\/v2\/users\/2"}],"replies":[{"embeddable":true,"href":"https:\/\/dgospel.com.br\/portal\/index.php\/wp-json\/wp\/v2\/comments?post=16717"}],"version-history":[{"count":1,"href":"https:\/\/dgospel.com.br\/portal\/index.php\/wp-json\/wp\/v2\/posts\/16717\/revisions"}],"predecessor-version":[{"id":16719,"href":"https:\/\/dgospel.com.br\/portal\/index.php\/wp-json\/wp\/v2\/posts\/16717\/revisions\/16719"}],"wp:featuredmedia":[{"embeddable":true,"href":"https:\/\/dgospel.com.br\/portal\/index.php\/wp-json\/wp\/v2\/media\/16718"}],"wp:attachment":[{"href":"https:\/\/dgospel.com.br\/portal\/index.php\/wp-json\/wp\/v2\/media?parent=16717"}],"wp:term":[{"taxonomy":"category","embeddable":true,"href":"https:\/\/dgospel.com.br\/portal\/index.php\/wp-json\/wp\/v2\/categories?post=16717"},{"taxonomy":"post_tag","embeddable":true,"href":"https:\/\/dgospel.com.br\/portal\/index.php\/wp-json\/wp\/v2\/tags?post=16717"}],"curies":[{"name":"wp","href":"https:\/\/api.w.org\/{rel}","templated":true}]}}