{"id":16720,"date":"2023-08-09T22:49:23","date_gmt":"2023-08-10T01:49:23","guid":{"rendered":"http:\/\/dgospel.com.br\/portal\/?p=16720"},"modified":"2023-08-09T22:49:23","modified_gmt":"2023-08-10T01:49:23","slug":"general-flagrado-com-invasores-preparou-viagem-de-lula-em-7-1","status":"publish","type":"post","link":"https:\/\/dgospel.com.br\/portal\/index.php\/2023\/08\/09\/general-flagrado-com-invasores-preparou-viagem-de-lula-em-7-1\/","title":{"rendered":"General flagrado com invasores preparou viagem de Lula em 7\/1"},"content":{"rendered":"\n<p>O general Carlos Feitosa Rodrigues \u00e9 um dos integrantes do Gabinete de Seguran\u00e7a Institucional da Presid\u00eancia (GSI) que aparece interagindo com os invasores no Pal\u00e1cio do Planalto no dia 8 de janeiro. Foi ele tamb\u00e9m quem iniciou os preparativos para que o presidente Luiz In\u00e1cio Lula da Silva deixasse a capital federal um dia antes das manifesta\u00e7\u00f5es.<\/p>\n\n\n\n<p>De acordo com a coluna de Paulo Cappelli do Metr\u00f3poles, Rodrigues acionou o departamento de Coordena\u00e7\u00e3o de Eventos da Presid\u00eancia para preparar a viagem de Lula para Araraquara, interior de S\u00e3o Paulo, cerca de 24 horas antes das invas\u00f5es.<\/p>\n\n\n\n<p>\u2013 Solicito enviar escal\u00e3o avan\u00e7ado para preparar atividade do senhor Presidente da Rep\u00fablica, Luiz In\u00e1cio Lula da Silva, no evento \u201cApoio \u00e0 situa\u00e7\u00e3o das enchentes em Araraquara\u201d, a realizar-se no dia 08\/01\/2023, em Araraquara\/SP \u2013 diz a mensagem enviada por volta das 16h22.<\/p>\n\n\n\n<p>Foi o general Rodrigues tamb\u00e9m quem teria disparado o \u201calerta laranja\u201d na v\u00e9spera dos atos, fazendo com que o n\u00famero de seguran\u00e7as do Planalto fosse reduzido.<\/p>\n","protected":false},"excerpt":{"rendered":"<p>O general Carlos Feitosa Rodrigues \u00e9 um dos integrantes do Gabinete de Seguran\u00e7a Institucional da Presid\u00eancia (GSI) que aparece interagindo com os invasores no Pal\u00e1cio do Planalto no dia 8 de janeiro. Foi ele tamb\u00e9m quem iniciou os preparativos para que o presidente Luiz In\u00e1cio Lula da Silva deixasse a capital federal um dia antes [&hellip;]<\/p>\n","protected":false},"author":2,"featured_media":16721,"comment_status":"open","ping_status":"open","sticky":false,"template":"","format":"standard","meta":[],"categories":[10],"tags":[],"_links":{"self":[{"href":"https:\/\/dgospel.com.br\/portal\/index.php\/wp-json\/wp\/v2\/posts\/16720"}],"collection":[{"href":"https:\/\/dgospel.com.br\/portal\/index.php\/wp-json\/wp\/v2\/posts"}],"about":[{"href":"https:\/\/dgospel.com.br\/portal\/index.php\/wp-json\/wp\/v2\/types\/post"}],"author":[{"embeddable":true,"href":"https:\/\/dgospel.com.br\/portal\/index.php\/wp-json\/wp\/v2\/users\/2"}],"replies":[{"embeddable":true,"href":"https:\/\/dgospel.com.br\/portal\/index.php\/wp-json\/wp\/v2\/comments?post=16720"}],"version-history":[{"count":1,"href":"https:\/\/dgospel.com.br\/portal\/index.php\/wp-json\/wp\/v2\/posts\/16720\/revisions"}],"predecessor-version":[{"id":16722,"href":"https:\/\/dgospel.com.br\/portal\/index.php\/wp-json\/wp\/v2\/posts\/16720\/revisions\/16722"}],"wp:featuredmedia":[{"embeddable":true,"href":"https:\/\/dgospel.com.br\/portal\/index.php\/wp-json\/wp\/v2\/media\/16721"}],"wp:attachment":[{"href":"https:\/\/dgospel.com.br\/portal\/index.php\/wp-json\/wp\/v2\/media?parent=16720"}],"wp:term":[{"taxonomy":"category","embeddable":true,"href":"https:\/\/dgospel.com.br\/portal\/index.php\/wp-json\/wp\/v2\/categories?post=16720"},{"taxonomy":"post_tag","embeddable":true,"href":"https:\/\/dgospel.com.br\/portal\/index.php\/wp-json\/wp\/v2\/tags?post=16720"}],"curies":[{"name":"wp","href":"https:\/\/api.w.org\/{rel}","templated":true}]}}