{"id":16723,"date":"2023-08-09T22:52:04","date_gmt":"2023-08-10T01:52:04","guid":{"rendered":"http:\/\/dgospel.com.br\/portal\/?p=16723"},"modified":"2023-08-09T22:52:05","modified_gmt":"2023-08-10T01:52:05","slug":"processo-contra-nikolas-por-falar-como-nikole-e-arquivado","status":"publish","type":"post","link":"https:\/\/dgospel.com.br\/portal\/index.php\/2023\/08\/09\/processo-contra-nikolas-por-falar-como-nikole-e-arquivado\/","title":{"rendered":"Processo contra Nikolas por falar como \u201cNikole\u201d \u00e9 arquivado"},"content":{"rendered":"\n<p>O Conselho de \u00c9tica da C\u00e2mara dos Deputados aprovou, por 12 votos a 5, o arquivamento da investiga\u00e7\u00e3o sobre a conduta do deputado Nikolas Ferreira (PL-MG), acusado de transfobia por, no Dia Internacional da Mulher, usar a tribuna da Casa para se apresentar como \u201cdeputada Nikole\u201d, usando uma peruca loura. A decis\u00e3o vem com um por\u00e9m: ele receber\u00e1 uma censura escrita da mesa diretora da Casa.<\/p>\n\n\n\n<p>O relator do caso, deputado Alexandre Leite (Uni\u00e3o Brasil-SP), inicialmente votou pela admissibilidade do processo contra Nikolas, mas mudou de ideia. O relator disse que o discurso de Nikolas teve \u201cboas inten\u00e7\u00f5es\u201d, mas foi \u201cgrave\u201d, mas que \u201cn\u00e3o seria oportuno\u201d levar o caso adiante e que a mesa da C\u00e2mara poderia optar pela aplica\u00e7\u00e3o apenas de uma censura por escrito a ser aplicada pela mesa diretora.<\/p>\n\n\n\n<p>Durante a reuni\u00e3o do Conselho, Nikolas disse sofrer persegui\u00e7\u00e3o pol\u00edtica.<\/p>\n\n\n\n<p>\u2013 A atividade do parlamentar \u00e9 hist\u00f3rica. Temos diversos parlamentares usando a encena\u00e7\u00e3o, a ironia, o sarcasmo, para passar a mensagem que eles querem \u2013 disse.<\/p>\n\n\n\n<p>\u2013 N\u00e3o podemos usar o Conselho de \u00c9tica para fazer persegui\u00e7\u00e3o pol\u00edtica. Querem a minha cabe\u00e7a para dizer que estamos conseguindo censurar.<\/p>\n\n\n\n<p>Nesta quarta-feira (9), mais cedo, o conselho da Casa tamb\u00e9m arquivou processo contra a deputada Carla Zambelli (PL-SP), acusada por ter xingado o deputado Duarte Jr. (PSB-MA) numa audi\u00eancia na Comiss\u00e3o de Seguran\u00e7a P\u00fablica que ouvia o ministro da Justi\u00e7a, Fl\u00e1vio Dino.<\/p>\n\n\n\n<p>Ainda, o Conselho adiou o julgamento de um terceiro processo: o que apura a conduta do deputado M\u00e1rcio Jerry (PCdoB) \u2013 acusado pela deputada J\u00falia Zanatta (PL-SC) de suposta importuna\u00e7\u00e3o sexual. Ele est\u00e1 internado num hospital em Bras\u00edlia.<\/p>\n\n\n\n<p>*AE<\/p>\n","protected":false},"excerpt":{"rendered":"<p>O Conselho de \u00c9tica da C\u00e2mara dos Deputados aprovou, por 12 votos a 5, o arquivamento da investiga\u00e7\u00e3o sobre a conduta do deputado Nikolas Ferreira (PL-MG), acusado de transfobia por, no Dia Internacional da Mulher, usar a tribuna da Casa para se apresentar como \u201cdeputada Nikole\u201d, usando uma peruca loura. A decis\u00e3o vem com um [&hellip;]<\/p>\n","protected":false},"author":2,"featured_media":16724,"comment_status":"open","ping_status":"open","sticky":false,"template":"","format":"standard","meta":[],"categories":[4],"tags":[],"_links":{"self":[{"href":"https:\/\/dgospel.com.br\/portal\/index.php\/wp-json\/wp\/v2\/posts\/16723"}],"collection":[{"href":"https:\/\/dgospel.com.br\/portal\/index.php\/wp-json\/wp\/v2\/posts"}],"about":[{"href":"https:\/\/dgospel.com.br\/portal\/index.php\/wp-json\/wp\/v2\/types\/post"}],"author":[{"embeddable":true,"href":"https:\/\/dgospel.com.br\/portal\/index.php\/wp-json\/wp\/v2\/users\/2"}],"replies":[{"embeddable":true,"href":"https:\/\/dgospel.com.br\/portal\/index.php\/wp-json\/wp\/v2\/comments?post=16723"}],"version-history":[{"count":1,"href":"https:\/\/dgospel.com.br\/portal\/index.php\/wp-json\/wp\/v2\/posts\/16723\/revisions"}],"predecessor-version":[{"id":16725,"href":"https:\/\/dgospel.com.br\/portal\/index.php\/wp-json\/wp\/v2\/posts\/16723\/revisions\/16725"}],"wp:featuredmedia":[{"embeddable":true,"href":"https:\/\/dgospel.com.br\/portal\/index.php\/wp-json\/wp\/v2\/media\/16724"}],"wp:attachment":[{"href":"https:\/\/dgospel.com.br\/portal\/index.php\/wp-json\/wp\/v2\/media?parent=16723"}],"wp:term":[{"taxonomy":"category","embeddable":true,"href":"https:\/\/dgospel.com.br\/portal\/index.php\/wp-json\/wp\/v2\/categories?post=16723"},{"taxonomy":"post_tag","embeddable":true,"href":"https:\/\/dgospel.com.br\/portal\/index.php\/wp-json\/wp\/v2\/tags?post=16723"}],"curies":[{"name":"wp","href":"https:\/\/api.w.org\/{rel}","templated":true}]}}