{"id":16726,"date":"2023-08-09T22:56:15","date_gmt":"2023-08-10T01:56:15","guid":{"rendered":"http:\/\/dgospel.com.br\/portal\/?p=16726"},"modified":"2023-08-09T22:56:16","modified_gmt":"2023-08-10T01:56:16","slug":"pgr-se-posicionou-contra-prisao-do-ex-diretor-geral-da-prf","status":"publish","type":"post","link":"https:\/\/dgospel.com.br\/portal\/index.php\/2023\/08\/09\/pgr-se-posicionou-contra-prisao-do-ex-diretor-geral-da-prf\/","title":{"rendered":"PGR se posicionou contra pris\u00e3o do ex-diretor-geral da PRF"},"content":{"rendered":"\n<p>Antes de determinar a pris\u00e3o do ex-diretor-geral da Pol\u00edcia Rodovi\u00e1ria Federal (PRF) Silvinei Vasques, o ministro Alexandre de Moraes pediu um parecer sobre o caso \u00e0 Procuradoria-Geral da Rep\u00fablica (PGR). O \u00f3rg\u00e3o se manifestou contr\u00e1rio \u00e0 pris\u00e3o, defendendo que fosse realizada somente busca e apreens\u00e3o e quebra dos sigilos telef\u00f4nico e telem\u00e1tico. As informa\u00e7\u00f5es s\u00e3o do colunista Igor Gadelha, do portal Metr\u00f3poles.<\/p>\n\n\n\n<p>O magistrado do Supremo Tribunal Federal (STF), contudo, optou por desconsiderar a orienta\u00e7\u00e3o da PGR e determinou tamb\u00e9m a pris\u00e3o de Vasques, a pedido da Pol\u00edcia Federal. O ex-diretor-geral da PRF foi detido nesta quarta-feira (9) em Florian\u00f3polis, Santa Catarina, suspeito de usar m\u00e1quina p\u00fablica para influenciar no processo eleitoral de 2022.<\/p>\n\n\n\n<p>O posicionamento da PGR foi mencionado pelo pr\u00f3prio Moraes em sua determina\u00e7\u00e3o.<\/p>\n\n\n\n<p>\u2013 Intimada, a Procuradoria-Geral da Rep\u00fablica encampou parcialmente a representa\u00e7\u00e3o da autoridade policial, manifestando-se: \u201ct\u00e3o somente para que seja decretada a busca e apreens\u00e3o pessoal e domiciliar de Silvinei Vasques em seus endere\u00e7os profissionais e residenciais, observados os pedidos de acesso aos dispositivos eletr\u00f4nicos apreendidos e demais consect\u00e1rios acima apontados, e a quebra do sigilo de dados telef\u00f4nicos e telem\u00e1ticos\u201d \u2013 escreveu o ministro.<\/p>\n","protected":false},"excerpt":{"rendered":"<p>Antes de determinar a pris\u00e3o do ex-diretor-geral da Pol\u00edcia Rodovi\u00e1ria Federal (PRF) Silvinei Vasques, o ministro Alexandre de Moraes pediu um parecer sobre o caso \u00e0 Procuradoria-Geral da Rep\u00fablica (PGR). O \u00f3rg\u00e3o se manifestou contr\u00e1rio \u00e0 pris\u00e3o, defendendo que fosse realizada somente busca e apreens\u00e3o e quebra dos sigilos telef\u00f4nico e telem\u00e1tico. As informa\u00e7\u00f5es s\u00e3o [&hellip;]<\/p>\n","protected":false},"author":2,"featured_media":16727,"comment_status":"open","ping_status":"open","sticky":false,"template":"","format":"standard","meta":[],"categories":[10],"tags":[],"_links":{"self":[{"href":"https:\/\/dgospel.com.br\/portal\/index.php\/wp-json\/wp\/v2\/posts\/16726"}],"collection":[{"href":"https:\/\/dgospel.com.br\/portal\/index.php\/wp-json\/wp\/v2\/posts"}],"about":[{"href":"https:\/\/dgospel.com.br\/portal\/index.php\/wp-json\/wp\/v2\/types\/post"}],"author":[{"embeddable":true,"href":"https:\/\/dgospel.com.br\/portal\/index.php\/wp-json\/wp\/v2\/users\/2"}],"replies":[{"embeddable":true,"href":"https:\/\/dgospel.com.br\/portal\/index.php\/wp-json\/wp\/v2\/comments?post=16726"}],"version-history":[{"count":1,"href":"https:\/\/dgospel.com.br\/portal\/index.php\/wp-json\/wp\/v2\/posts\/16726\/revisions"}],"predecessor-version":[{"id":16728,"href":"https:\/\/dgospel.com.br\/portal\/index.php\/wp-json\/wp\/v2\/posts\/16726\/revisions\/16728"}],"wp:featuredmedia":[{"embeddable":true,"href":"https:\/\/dgospel.com.br\/portal\/index.php\/wp-json\/wp\/v2\/media\/16727"}],"wp:attachment":[{"href":"https:\/\/dgospel.com.br\/portal\/index.php\/wp-json\/wp\/v2\/media?parent=16726"}],"wp:term":[{"taxonomy":"category","embeddable":true,"href":"https:\/\/dgospel.com.br\/portal\/index.php\/wp-json\/wp\/v2\/categories?post=16726"},{"taxonomy":"post_tag","embeddable":true,"href":"https:\/\/dgospel.com.br\/portal\/index.php\/wp-json\/wp\/v2\/tags?post=16726"}],"curies":[{"name":"wp","href":"https:\/\/api.w.org\/{rel}","templated":true}]}}