{"id":16732,"date":"2023-08-10T16:55:46","date_gmt":"2023-08-10T19:55:46","guid":{"rendered":"http:\/\/dgospel.com.br\/portal\/?p=16732"},"modified":"2023-08-11T10:05:02","modified_gmt":"2023-08-11T13:05:02","slug":"presidenciavel-m0rto-no-equador-descreveu-a-eleicao-de-lula-como-o-retorno-dos-ladroes-da-lava-jato","status":"publish","type":"post","link":"https:\/\/dgospel.com.br\/portal\/index.php\/2023\/08\/10\/presidenciavel-m0rto-no-equador-descreveu-a-eleicao-de-lula-como-o-retorno-dos-ladroes-da-lava-jato\/","title":{"rendered":"Presidenci\u00e1vel morto no Equador descreveu a elei\u00e7\u00e3o de Lula como \u201co retorno dos ladr\u00f5es da lava jato\u201d"},"content":{"rendered":"\n<p>&nbsp;presidenci\u00e1vel equatoriano, Fernando Villavicencio, assassinado na noite de quarta-feira (9), n\u00e3o poupava cr\u00edticas quando se tratava do Presidente Lula (PT).<\/p>\n\n\n\n<p><a href=\"https:\/\/www.assembleia.pr.leg.br\/assembleia-itinerante\/sugestao-de-melhorias-para-sua-cidade\" target=\"_blank\" rel=\"noreferrer noopener\"><\/a><\/p>\n\n\n\n<p>Villavicencio fez seu nome na pol\u00edtica pautado no combate \u00e0 corrup\u00e7\u00e3o.&nbsp;Ele se destacou ao expor um grande esc\u00e2ndalo na estatal petrol\u00edfera Petroecuador, um evento que abalou o governo de Rafael Correa, conhecido aliado de Lula.<\/p>\n\n\n\n<p>Como reflexo de seu foco anticorrup\u00e7\u00e3o, Villavicencio demonstrou repetido apoio \u00e0 Opera\u00e7\u00e3o Lava Jato, frequentemente compartilhando postagens em sua conta na rede social X, anteriormente Twitter.<\/p>\n\n\n\n<p>Em uma de suas postagens mais pol\u00eamicas, o equatoriano descreveu a elei\u00e7\u00e3o de Lula como \u201co retorno dos ladr\u00f5es da lava jato\u201d.<\/p>\n","protected":false},"excerpt":{"rendered":"<p>&nbsp;presidenci\u00e1vel equatoriano, Fernando Villavicencio, assassinado na noite de quarta-feira (9), n\u00e3o poupava cr\u00edticas quando se tratava do Presidente Lula (PT). Villavicencio fez seu nome na pol\u00edtica pautado no combate \u00e0 corrup\u00e7\u00e3o.&nbsp;Ele se destacou ao expor um grande esc\u00e2ndalo na estatal petrol\u00edfera Petroecuador, um evento que abalou o governo de Rafael Correa, conhecido aliado de Lula. [&hellip;]<\/p>\n","protected":false},"author":2,"featured_media":16733,"comment_status":"open","ping_status":"open","sticky":false,"template":"","format":"standard","meta":[],"categories":[16],"tags":[],"_links":{"self":[{"href":"https:\/\/dgospel.com.br\/portal\/index.php\/wp-json\/wp\/v2\/posts\/16732"}],"collection":[{"href":"https:\/\/dgospel.com.br\/portal\/index.php\/wp-json\/wp\/v2\/posts"}],"about":[{"href":"https:\/\/dgospel.com.br\/portal\/index.php\/wp-json\/wp\/v2\/types\/post"}],"author":[{"embeddable":true,"href":"https:\/\/dgospel.com.br\/portal\/index.php\/wp-json\/wp\/v2\/users\/2"}],"replies":[{"embeddable":true,"href":"https:\/\/dgospel.com.br\/portal\/index.php\/wp-json\/wp\/v2\/comments?post=16732"}],"version-history":[{"count":2,"href":"https:\/\/dgospel.com.br\/portal\/index.php\/wp-json\/wp\/v2\/posts\/16732\/revisions"}],"predecessor-version":[{"id":16757,"href":"https:\/\/dgospel.com.br\/portal\/index.php\/wp-json\/wp\/v2\/posts\/16732\/revisions\/16757"}],"wp:featuredmedia":[{"embeddable":true,"href":"https:\/\/dgospel.com.br\/portal\/index.php\/wp-json\/wp\/v2\/media\/16733"}],"wp:attachment":[{"href":"https:\/\/dgospel.com.br\/portal\/index.php\/wp-json\/wp\/v2\/media?parent=16732"}],"wp:term":[{"taxonomy":"category","embeddable":true,"href":"https:\/\/dgospel.com.br\/portal\/index.php\/wp-json\/wp\/v2\/categories?post=16732"},{"taxonomy":"post_tag","embeddable":true,"href":"https:\/\/dgospel.com.br\/portal\/index.php\/wp-json\/wp\/v2\/tags?post=16732"}],"curies":[{"name":"wp","href":"https:\/\/api.w.org\/{rel}","templated":true}]}}