{"id":16736,"date":"2023-08-10T16:58:24","date_gmt":"2023-08-10T19:58:24","guid":{"rendered":"http:\/\/dgospel.com.br\/portal\/?p=16736"},"modified":"2023-08-10T16:58:26","modified_gmt":"2023-08-10T19:58:26","slug":"fim-da-isencao-de-aliquota-em-compras-internacionais-governo-lula-quer-ampliar-arrecadacao-e-impacta-consumidores","status":"publish","type":"post","link":"https:\/\/dgospel.com.br\/portal\/index.php\/2023\/08\/10\/fim-da-isencao-de-aliquota-em-compras-internacionais-governo-lula-quer-ampliar-arrecadacao-e-impacta-consumidores\/","title":{"rendered":"Fim da Isen\u00e7\u00e3o de Al\u00edquota em Compras Internacionais: Governo Lula quer ampliar arrecada\u00e7\u00e3o e impacta consumidores"},"content":{"rendered":"\n<p>O Minist\u00e9rio da Fazenda anunciou, atrav\u00e9s do Conselho Nacional de Pol\u00edtica Fazend\u00e1ria (Confaz), o t\u00e9rmino da isen\u00e7\u00e3o da al\u00edquota de importa\u00e7\u00e3o para compras de at\u00e9 50 d\u00f3lares em plataformas internacionais como Shein e Shopee. A medida, efetivada na quarta-feira (9), revoga a portaria de 1\u00ba de agosto que havia temporariamente zerado a al\u00edquota para certas empresas de com\u00e9rcio eletr\u00f4nico.<\/p>\n\n\n\n<p><a href=\"https:\/\/www.assembleia.pr.leg.br\/assembleia-itinerante\/sugestao-de-melhorias-para-sua-cidade\" target=\"_blank\" rel=\"noreferrer noopener\"><\/a><\/p>\n\n\n\n<p>A nova al\u00edquota, fixada em 34%, dever\u00e1 ser aplicada imediatamente aos consumidores. No entanto, o Minist\u00e9rio afirmou que negocia\u00e7\u00f5es para \u201cfuturos ajustes da al\u00edquota federal\u201d ainda est\u00e3o em andamento, al\u00e9m da cobran\u00e7a de 17% de ICMS por estados.<\/p>\n\n\n\n<p>A mudan\u00e7a, que surge como parte do plano do governo para aumentar a arrecada\u00e7\u00e3o, atinge diretamente os consumidores habituais de sites internacionais, podendo influenciar o pre\u00e7o final de diversos produtos. Essa decis\u00e3o integra um esfor\u00e7o mais amplo para levantar R$ 100 bilh\u00f5es e reduzir o d\u00e9ficit das contas p\u00fablicas deste ano, previsto em R$ 145,4 bilh\u00f5es, conforme proje\u00e7\u00e3o do Minist\u00e9rio do Planejamento.<\/p>\n\n\n\n<p>A nova medida tamb\u00e9m modifica a forma como o ICMS \u00e9 aplicado, passando a incidir j\u00e1 no ato da compra e n\u00e3o apenas quando a mercadoria chega ao Brasil. Tal mudan\u00e7a afeta n\u00e3o apenas compras individuais, mas tamb\u00e9m transa\u00e7\u00f5es empresariais.<\/p>\n\n\n\n<p>Embora essa a\u00e7\u00e3o fa\u00e7a parte de um conjunto de estrat\u00e9gias para aprimorar as finan\u00e7as p\u00fablicas, outras propostas, como a taxa\u00e7\u00e3o de grandes fortunas, podem enfrentar atrasos. Segundo o l\u00edder do PT na C\u00e2mara dos Deputados, Zeca Dirceu (PR), a bancada do partido pode \u201cabrir m\u00e3o\u201d dessa medida momentaneamente para acelerar a tramita\u00e7\u00e3o de outras reformas econ\u00f4micas no Congresso.<\/p>\n\n\n\n<p>Fonte: horabrasilia<\/p>\n","protected":false},"excerpt":{"rendered":"<p>O Minist\u00e9rio da Fazenda anunciou, atrav\u00e9s do Conselho Nacional de Pol\u00edtica Fazend\u00e1ria (Confaz), o t\u00e9rmino da isen\u00e7\u00e3o da al\u00edquota de importa\u00e7\u00e3o para compras de at\u00e9 50 d\u00f3lares em plataformas internacionais como Shein e Shopee. A medida, efetivada na quarta-feira (9), revoga a portaria de 1\u00ba de agosto que havia temporariamente zerado a al\u00edquota para certas [&hellip;]<\/p>\n","protected":false},"author":2,"featured_media":16737,"comment_status":"open","ping_status":"open","sticky":false,"template":"","format":"standard","meta":[],"categories":[10],"tags":[],"_links":{"self":[{"href":"https:\/\/dgospel.com.br\/portal\/index.php\/wp-json\/wp\/v2\/posts\/16736"}],"collection":[{"href":"https:\/\/dgospel.com.br\/portal\/index.php\/wp-json\/wp\/v2\/posts"}],"about":[{"href":"https:\/\/dgospel.com.br\/portal\/index.php\/wp-json\/wp\/v2\/types\/post"}],"author":[{"embeddable":true,"href":"https:\/\/dgospel.com.br\/portal\/index.php\/wp-json\/wp\/v2\/users\/2"}],"replies":[{"embeddable":true,"href":"https:\/\/dgospel.com.br\/portal\/index.php\/wp-json\/wp\/v2\/comments?post=16736"}],"version-history":[{"count":1,"href":"https:\/\/dgospel.com.br\/portal\/index.php\/wp-json\/wp\/v2\/posts\/16736\/revisions"}],"predecessor-version":[{"id":16738,"href":"https:\/\/dgospel.com.br\/portal\/index.php\/wp-json\/wp\/v2\/posts\/16736\/revisions\/16738"}],"wp:featuredmedia":[{"embeddable":true,"href":"https:\/\/dgospel.com.br\/portal\/index.php\/wp-json\/wp\/v2\/media\/16737"}],"wp:attachment":[{"href":"https:\/\/dgospel.com.br\/portal\/index.php\/wp-json\/wp\/v2\/media?parent=16736"}],"wp:term":[{"taxonomy":"category","embeddable":true,"href":"https:\/\/dgospel.com.br\/portal\/index.php\/wp-json\/wp\/v2\/categories?post=16736"},{"taxonomy":"post_tag","embeddable":true,"href":"https:\/\/dgospel.com.br\/portal\/index.php\/wp-json\/wp\/v2\/tags?post=16736"}],"curies":[{"name":"wp","href":"https:\/\/api.w.org\/{rel}","templated":true}]}}