{"id":16739,"date":"2023-08-10T17:06:01","date_gmt":"2023-08-10T20:06:01","guid":{"rendered":"http:\/\/dgospel.com.br\/portal\/?p=16739"},"modified":"2023-08-10T17:06:03","modified_gmt":"2023-08-10T20:06:03","slug":"candidato-a-presidencia-do-equador-pelo-partido-conservador-movimento-construye-morto-a-tiro-denunciou-membro-do-foro-de-sao-paulo-de-crimes-contra-humanidade","status":"publish","type":"post","link":"https:\/\/dgospel.com.br\/portal\/index.php\/2023\/08\/10\/candidato-a-presidencia-do-equador-pelo-partido-conservador-movimento-construye-morto-a-tiro-denunciou-membro-do-foro-de-sao-paulo-de-crimes-contra-humanidade\/","title":{"rendered":"Candidato \u00e0 Presid\u00eancia do Equador pelo partido conservador Movimento Construye morto a tiro denunciou membro do Foro de S\u00e3o Paulo de crimes contra humanidade"},"content":{"rendered":"\n<p>Fernando Villavicencio, de 59 anos, pol\u00edtico, jornalista investigativo e candidato \u00e0 Presid\u00eancia do Equador pelo partido conservador Movimento Construye (MC25), foi morto em um ataque a tiros nesta quarta-feira (9). Sua carreira foi marcada por den\u00fancias de corrup\u00e7\u00e3o, a defesa dos direitos ind\u00edgenas e dos trabalhadores, e uma postura opositora ao governo atual.<\/p>\n\n\n\n<p><a href=\"https:\/\/www.assembleia.pr.leg.br\/assembleia-itinerante\/sugestao-de-melhorias-para-sua-cidade\" target=\"_blank\" rel=\"noreferrer noopener\"><\/a><\/p>\n\n\n\n<p>Como jornalista, Villavicencio n\u00e3o hesitou em enfrentar figuras poderosas, acusando o ex-presidente Rafael Correa, membro do Foro de S\u00e3o Paulo, de crimes contra a humanidade. Essas den\u00fancias o levaram a ser condenado a 18 anos de pris\u00e3o por inj\u00faria contra Correa em 2014, resultando em um ex\u00edlio tempor\u00e1rio no Peru.<\/p>\n\n\n\n<p>Em sua trajet\u00f3ria pol\u00edtica, Villavicencio integrou a Comiss\u00e3o de Fiscaliza\u00e7\u00e3o da Assembleia entre 2021 e 2023, apresentando 24 relat\u00f3rios contra uma grande hidrel\u00e9trica no pa\u00eds por falhas estruturais. Ele se declarava como centro-direita e suas bandeiram eram a defesa de causas ind\u00edgenas e trabalhistas.<\/p>\n\n\n\n<p>O candidato era conhecido por se posicionar como opositor do atual presidente do Equador, Guillermo Lasso.<\/p>\n","protected":false},"excerpt":{"rendered":"<p>Fernando Villavicencio, de 59 anos, pol\u00edtico, jornalista investigativo e candidato \u00e0 Presid\u00eancia do Equador pelo partido conservador Movimento Construye (MC25), foi morto em um ataque a tiros nesta quarta-feira (9). Sua carreira foi marcada por den\u00fancias de corrup\u00e7\u00e3o, a defesa dos direitos ind\u00edgenas e dos trabalhadores, e uma postura opositora ao governo atual. Como jornalista, [&hellip;]<\/p>\n","protected":false},"author":2,"featured_media":16740,"comment_status":"open","ping_status":"open","sticky":false,"template":"","format":"standard","meta":[],"categories":[16],"tags":[],"_links":{"self":[{"href":"https:\/\/dgospel.com.br\/portal\/index.php\/wp-json\/wp\/v2\/posts\/16739"}],"collection":[{"href":"https:\/\/dgospel.com.br\/portal\/index.php\/wp-json\/wp\/v2\/posts"}],"about":[{"href":"https:\/\/dgospel.com.br\/portal\/index.php\/wp-json\/wp\/v2\/types\/post"}],"author":[{"embeddable":true,"href":"https:\/\/dgospel.com.br\/portal\/index.php\/wp-json\/wp\/v2\/users\/2"}],"replies":[{"embeddable":true,"href":"https:\/\/dgospel.com.br\/portal\/index.php\/wp-json\/wp\/v2\/comments?post=16739"}],"version-history":[{"count":1,"href":"https:\/\/dgospel.com.br\/portal\/index.php\/wp-json\/wp\/v2\/posts\/16739\/revisions"}],"predecessor-version":[{"id":16741,"href":"https:\/\/dgospel.com.br\/portal\/index.php\/wp-json\/wp\/v2\/posts\/16739\/revisions\/16741"}],"wp:featuredmedia":[{"embeddable":true,"href":"https:\/\/dgospel.com.br\/portal\/index.php\/wp-json\/wp\/v2\/media\/16740"}],"wp:attachment":[{"href":"https:\/\/dgospel.com.br\/portal\/index.php\/wp-json\/wp\/v2\/media?parent=16739"}],"wp:term":[{"taxonomy":"category","embeddable":true,"href":"https:\/\/dgospel.com.br\/portal\/index.php\/wp-json\/wp\/v2\/categories?post=16739"},{"taxonomy":"post_tag","embeddable":true,"href":"https:\/\/dgospel.com.br\/portal\/index.php\/wp-json\/wp\/v2\/tags?post=16739"}],"curies":[{"name":"wp","href":"https:\/\/api.w.org\/{rel}","templated":true}]}}