{"id":16742,"date":"2023-08-11T09:32:05","date_gmt":"2023-08-11T12:32:05","guid":{"rendered":"http:\/\/dgospel.com.br\/portal\/?p=16742"},"modified":"2023-08-11T09:32:07","modified_gmt":"2023-08-11T12:32:07","slug":"nisia-tenta-explicar-religioes-afro-como-promotoras-de-saude-e-nao-consegue","status":"publish","type":"post","link":"https:\/\/dgospel.com.br\/portal\/index.php\/2023\/08\/11\/nisia-tenta-explicar-religioes-afro-como-promotoras-de-saude-e-nao-consegue\/","title":{"rendered":"N\u00edsia tenta explicar religi\u00f5es afro como promotoras de sa\u00fade e n\u00e3o consegue"},"content":{"rendered":"\n<p>A Comiss\u00e3o de Fiscaliza\u00e7\u00e3o Financeira e Controle da C\u00e2mara dos Deputados ouviu a ministra da Sa\u00fade, N\u00edsia Trindade, nesta quarta-feira (9), exigindo esclarecimentos sobre diversos assuntos.<\/p>\n\n\n\n<p>A deputada federal Priscila Costa (PL-CE) aproveitou a presen\u00e7a de N\u00edsia para question\u00e1-la sobre a resolu\u00e7\u00e3o 715 do Conselho Nacional de Sa\u00fade que versa sobre a legaliza\u00e7\u00e3o da maconha, a legaliza\u00e7\u00e3o do aborto, defende a terapia de mudan\u00e7a de sexo a partir de 14 anos e tamb\u00e9m reconhece religi\u00f5es afro como \u201ccomplementares ao SUS\u201d na promo\u00e7\u00e3o de sa\u00fade e cura.<\/p>\n\n\n\n<p>Ao longo de sua participa\u00e7\u00e3o na sess\u00e3o, a ministra se colocou como defensora da ci\u00eancia e da tecnicidade das decis\u00f5es de sua pasta. Por isso, Priscila pediu para que a ministra explicasse se existe alguma pesquisa cient\u00edfica que ateste a efici\u00eancia das religi\u00f5es de matriz africana para ser reconhecida no documento em detrimento das demais religi\u00f5es.<\/p>\n\n\n\n<p>Em sua resposta, N\u00edsia n\u00e3o falou de assuntos t\u00e9cnicos, nem apresentou os motivos que fizeram a resolu\u00e7\u00e3o fazer tal reconhecimento.<\/p>\n\n\n\n<p>\u2013 Meu respeito a todas as religi\u00f5es tamb\u00e9m se volta para as religi\u00f5es de matriz africana, que s\u00e3o religi\u00f5es que t\u00eam uma outra cosmologia, que define uma rela\u00e7\u00e3o entre homem e natureza. Como eu disse, eu acredito que h\u00e1 muitos caminhos para chegar a Deus, as sociedades s\u00e3o diversas \u2013 declarou a ministra.<\/p>\n\n\n\n<p>N\u00edsia seguiu dizendo que tem procurado l\u00edderes de todas as religi\u00f5es para trabalhos de promo\u00e7\u00e3o de sa\u00fade, citando principalmente os pedidos para que esses representantes auxiliem o governo nas campanhas de vacina\u00e7\u00e3o.<\/p>\n\n\n\n<p>\u2013 A promo\u00e7\u00e3o da sa\u00fade pode ser feita por todos n\u00f3s, independentemente de sermos profissionais [da sa\u00fade]. Esse \u00e9 o primeiro ponto. Eu tenho procurado todas as lideran\u00e7as religiosas para se emanarem comigo na campanha de vacina\u00e7\u00e3o. Defendo a separa\u00e7\u00e3o de religi\u00e3o e Estado, mas tenho essa vis\u00e3o de respeito \u2013 disse.<\/p>\n\n\n\n<p>Ainda de acordo com a ministra, todas as resolu\u00e7\u00f5es homologadas servem para aprecia\u00e7\u00e3o dos \u00f3rg\u00e3os competentes. No caso da resolu\u00e7\u00e3o 715, a homologa\u00e7\u00e3o serve para reconhecer a Confer\u00eancia Nacional de Sa\u00fade e para que esses assuntos sejam analisados pelo governo.<\/p>\n\n\n\n<p><strong>Assista:<\/strong><\/p>\n\n\n\n<figure class=\"wp-block-embed is-type-video is-provider-youtube wp-block-embed-youtube wp-embed-aspect-16-9 wp-has-aspect-ratio\"><div class=\"wp-block-embed__wrapper\">\n<iframe loading=\"lazy\" title=\"Ministra da Sa\u00fade fala sobre gest\u00e3o da pasta - Fiscaliza\u00e7\u00e3o Financeira e Controle - 09\/08\/2023\" width=\"630\" height=\"354\" src=\"https:\/\/www.youtube.com\/embed\/wl9kIJs4CnU?start=14438&#038;feature=oembed\" frameborder=\"0\" allow=\"accelerometer; autoplay; clipboard-write; encrypted-media; gyroscope; picture-in-picture; web-share\" allowfullscreen><\/iframe>\n<\/div><\/figure>\n","protected":false},"excerpt":{"rendered":"<p>A Comiss\u00e3o de Fiscaliza\u00e7\u00e3o Financeira e Controle da C\u00e2mara dos Deputados ouviu a ministra da Sa\u00fade, N\u00edsia Trindade, nesta quarta-feira (9), exigindo esclarecimentos sobre diversos assuntos. A deputada federal Priscila Costa (PL-CE) aproveitou a presen\u00e7a de N\u00edsia para question\u00e1-la sobre a resolu\u00e7\u00e3o 715 do Conselho Nacional de Sa\u00fade que versa sobre a legaliza\u00e7\u00e3o da maconha, [&hellip;]<\/p>\n","protected":false},"author":2,"featured_media":16743,"comment_status":"open","ping_status":"open","sticky":false,"template":"","format":"standard","meta":[],"categories":[4],"tags":[],"_links":{"self":[{"href":"https:\/\/dgospel.com.br\/portal\/index.php\/wp-json\/wp\/v2\/posts\/16742"}],"collection":[{"href":"https:\/\/dgospel.com.br\/portal\/index.php\/wp-json\/wp\/v2\/posts"}],"about":[{"href":"https:\/\/dgospel.com.br\/portal\/index.php\/wp-json\/wp\/v2\/types\/post"}],"author":[{"embeddable":true,"href":"https:\/\/dgospel.com.br\/portal\/index.php\/wp-json\/wp\/v2\/users\/2"}],"replies":[{"embeddable":true,"href":"https:\/\/dgospel.com.br\/portal\/index.php\/wp-json\/wp\/v2\/comments?post=16742"}],"version-history":[{"count":1,"href":"https:\/\/dgospel.com.br\/portal\/index.php\/wp-json\/wp\/v2\/posts\/16742\/revisions"}],"predecessor-version":[{"id":16744,"href":"https:\/\/dgospel.com.br\/portal\/index.php\/wp-json\/wp\/v2\/posts\/16742\/revisions\/16744"}],"wp:featuredmedia":[{"embeddable":true,"href":"https:\/\/dgospel.com.br\/portal\/index.php\/wp-json\/wp\/v2\/media\/16743"}],"wp:attachment":[{"href":"https:\/\/dgospel.com.br\/portal\/index.php\/wp-json\/wp\/v2\/media?parent=16742"}],"wp:term":[{"taxonomy":"category","embeddable":true,"href":"https:\/\/dgospel.com.br\/portal\/index.php\/wp-json\/wp\/v2\/categories?post=16742"},{"taxonomy":"post_tag","embeddable":true,"href":"https:\/\/dgospel.com.br\/portal\/index.php\/wp-json\/wp\/v2\/tags?post=16742"}],"curies":[{"name":"wp","href":"https:\/\/api.w.org\/{rel}","templated":true}]}}