{"id":1675,"date":"2018-10-25T10:46:11","date_gmt":"2018-10-25T12:46:11","guid":{"rendered":"http:\/\/dgospel.com.br\/portal\/?p=1675"},"modified":"2018-10-25T10:46:11","modified_gmt":"2018-10-25T12:46:11","slug":"camara-apresenta-o-cronograma-das-primeiras-oitivas-da-cpi-do-previpalmas","status":"publish","type":"post","link":"https:\/\/dgospel.com.br\/portal\/index.php\/2018\/10\/25\/camara-apresenta-o-cronograma-das-primeiras-oitivas-da-cpi-do-previpalmas\/","title":{"rendered":"C\u00e2mara apresenta o cronograma das primeiras oitivas da CPI do PreviPalmas"},"content":{"rendered":"<p>A C\u00e2mara de Palmas apresentou na tarde desta ter\u00e7a-feira, 23, o cronograma das primeiras oitivas a serem realizadas pela Comiss\u00e3o Parlamentar de Inqu\u00e9rito (CPI) que investiga as aplica\u00e7\u00f5es do Instituto Previdenci\u00e1rio de Palmas (PreviPalmas).<\/p>\n<p>A pedido dos membros da CPI, a Casa contratou a empresa Pego Contabilidade para dar aux\u00edlio t\u00e9cnico aos parlamentares. De acordo com o presidente da comiss\u00e3o, vereador Professor J\u00fanior Geo (PROS), a previs\u00e3o \u00e9 que os trabalhos sejam finalizados ainda este ano.<\/p>\n<p>Na primeira audi\u00eancia, que ser\u00e1 na pr\u00f3xima ter\u00e7a-feira, 30, devem ser ouvidos o procurador do Munic\u00edpio, Ant\u00f4nio Chrysippo Aguiar, o ex-prefeito Carlos Amastha (PSB), o presidente do Conselho Municipal de Previd\u00eancia, Eron Bringel Coelho e o atual presidente do PreviPalmas, Carlos J\u00fanior Spegiorin Silveira.<\/p>\n<p>A segunda audi\u00eancia est\u00e1 prevista para o dia 6 de novembro e s\u00e3o esperados os depoimentos de Maxcilane Machado Fleury, ex-presidente do PreviPalmas, F\u00e1bio Costa Martins, ex-diretor de investimentos do PreviPalmas, Christian Zini, ex-secret\u00e1rio de Finan\u00e7as, Adir Gentil, ex-secret\u00e1rio chefe da Casa Civil, Vera L\u00facia Thoma Isomura atual secret\u00e1ria de Finan\u00e7as e Maria Cristina Carreira, representante do Instituto de Apoio \u00e0 Funda\u00e7\u00e3o Universidade de Pernambuco (IAUPE).<\/p>\n<p>Tamb\u00e9m estiveram presentes na reuni\u00e3o o presidente da C\u00e2mara de Palmas, vereador Folha (PSD), o vice-presidente da CPI, vereador Vandim do Povo (PSDC), o relator, Marilon Barbosa (PSB), al\u00e9m dos membros, vereadores Leo Barbosa (SD) e Gerson Alves (PSL).<\/p>\n","protected":false},"excerpt":{"rendered":"<p>A C\u00e2mara de Palmas apresentou na tarde desta ter\u00e7a-feira, 23, o cronograma das primeiras oitivas a serem realizadas pela Comiss\u00e3o Parlamentar de Inqu\u00e9rito (CPI) que investiga as aplica\u00e7\u00f5es do Instituto Previdenci\u00e1rio de Palmas (PreviPalmas). A pedido dos membros da CPI, a Casa contratou a empresa Pego Contabilidade para dar aux\u00edlio t\u00e9cnico aos parlamentares. De acordo [&hellip;]<\/p>\n","protected":false},"author":2,"featured_media":1676,"comment_status":"open","ping_status":"open","sticky":false,"template":"","format":"standard","meta":[],"categories":[8,2],"tags":[],"_links":{"self":[{"href":"https:\/\/dgospel.com.br\/portal\/index.php\/wp-json\/wp\/v2\/posts\/1675"}],"collection":[{"href":"https:\/\/dgospel.com.br\/portal\/index.php\/wp-json\/wp\/v2\/posts"}],"about":[{"href":"https:\/\/dgospel.com.br\/portal\/index.php\/wp-json\/wp\/v2\/types\/post"}],"author":[{"embeddable":true,"href":"https:\/\/dgospel.com.br\/portal\/index.php\/wp-json\/wp\/v2\/users\/2"}],"replies":[{"embeddable":true,"href":"https:\/\/dgospel.com.br\/portal\/index.php\/wp-json\/wp\/v2\/comments?post=1675"}],"version-history":[{"count":1,"href":"https:\/\/dgospel.com.br\/portal\/index.php\/wp-json\/wp\/v2\/posts\/1675\/revisions"}],"predecessor-version":[{"id":1677,"href":"https:\/\/dgospel.com.br\/portal\/index.php\/wp-json\/wp\/v2\/posts\/1675\/revisions\/1677"}],"wp:featuredmedia":[{"embeddable":true,"href":"https:\/\/dgospel.com.br\/portal\/index.php\/wp-json\/wp\/v2\/media\/1676"}],"wp:attachment":[{"href":"https:\/\/dgospel.com.br\/portal\/index.php\/wp-json\/wp\/v2\/media?parent=1675"}],"wp:term":[{"taxonomy":"category","embeddable":true,"href":"https:\/\/dgospel.com.br\/portal\/index.php\/wp-json\/wp\/v2\/categories?post=1675"},{"taxonomy":"post_tag","embeddable":true,"href":"https:\/\/dgospel.com.br\/portal\/index.php\/wp-json\/wp\/v2\/tags?post=1675"}],"curies":[{"name":"wp","href":"https:\/\/api.w.org\/{rel}","templated":true}]}}