{"id":16754,"date":"2023-08-11T10:02:36","date_gmt":"2023-08-11T13:02:36","guid":{"rendered":"http:\/\/dgospel.com.br\/portal\/?p=16754"},"modified":"2023-08-11T10:02:37","modified_gmt":"2023-08-11T13:02:37","slug":"juristas-evangelicos-repudiam-diretrizes-do-conselho-nacional-de-saude","status":"publish","type":"post","link":"https:\/\/dgospel.com.br\/portal\/index.php\/2023\/08\/11\/juristas-evangelicos-repudiam-diretrizes-do-conselho-nacional-de-saude\/","title":{"rendered":"Juristas evang\u00e9licos repudiam diretrizes do Conselho Nacional de Sa\u00fade"},"content":{"rendered":"\n<p>No final do m\u00eas de julho, o Conselho Nacional de Sa\u00fade (CNS) publicou a Resolu\u00e7\u00e3o n\u00ba 715\/2023, que&nbsp;<strong><a href=\"https:\/\/folhagospel.com\/ministerio-da-saude-tem-como-prioridades-a-legalizacao-do-aborto-e-da-maconha-e-a-reducao-da-idade-para-mudanca-de-genero\/\" target=\"_blank\" rel=\"noreferrer noopener\">defende a legaliza\u00e7\u00e3o do aborto e da maconha no Brasil<\/a><\/strong>. O texto apresenta orienta\u00e7\u00f5es estrat\u00e9gicas para o Plano Plurianual 2024\u20132027 e para o Plano Nacional de Sa\u00fade 2024\u20132027. Vale destacar que as diretrizes foram aprovadas na 17\u00aa Confer\u00eancia Nacional de Sa\u00fade.<\/p>\n\n\n\n<p>A resolu\u00e7\u00e3o traz 59 pontos com orienta\u00e7\u00f5es para o Minist\u00e9rio da Sa\u00fade. Desse total, tr\u00eas, relacionadas ao aborto, \u00e0 popula\u00e7\u00e3o LGBTQIA+ e \u00e0 maconha, t\u00eam sido alvo de cr\u00edticas, principalmente nas redes sociais. O CNS apresenta as diretrizes como sendo para \u201ccontribuir com o processo democr\u00e1tico e constitucional de formula\u00e7\u00e3o da pol\u00edtica nacional de sa\u00fade\u201d.<\/p>\n\n\n\n<p>Na entanto, em nota, a&nbsp;<a href=\"https:\/\/folhagospel.com\/pastores-bancada-evangelica-e-anajure-reagem-a-fala-de-lula-sobre-responsabilizar-igrejas-se-nao-apoiarem-as-vacinas\/\" target=\"_blank\" rel=\"noreferrer noopener\">Associa\u00e7\u00e3o Nacional de Juristas Evang\u00e9licos (ANAJURE)<\/a>&nbsp;afirma que a Resolu\u00e7\u00e3o n\u00ba 715\/2023 apresenta \u201dgraves problemas, oferecendo recomenda\u00e7\u00f5es contr\u00e1rias \u00e0 garantia de direitos fundamentais, como a vida, e \u00e0 prote\u00e7\u00e3o da inf\u00e2ncia e adolesc\u00eancia\u201d. Assim, a institui\u00e7\u00e3o argumenta que o texto, desde o in\u00edcio, \u00e9 permeado por alta carga \u201cideol\u00f3gica\u201d.<\/p>\n\n\n\n<p>De acordo com a organiza\u00e7\u00e3o, esse entendimento fica evidenciado, \u201cem especial, pelo uso de palavras de ordem e jarg\u00f5es pol\u00edticos \u00e0 margem de qualquer tecnicidade jur\u00eddica, m\u00e9dica ou sanit\u00e1ria (1a l\u00f3gica ultraneoliberal derrotada nas elei\u00e7\u00f5es\u2019), bem como pela ades\u00e3o \u00e0 denominada teoria queer (\u2018direitos das pessoas que menstruam\u2019; \u2018pessoas que podem gestar\u2019), promovendo o apagamento da figura da mulher e a redu\u00e7\u00e3o de sua essencial corporeidade a uma mera coincid\u00eancia de fun\u00e7\u00f5es biol\u00f3gicas\u201d.<\/p>\n\n\n\n<p>A ANAJURE pontua ainda que a resolu\u00e7\u00e3o prop\u00f5e pol\u00edticas p\u00fablicas nefastas, com graves efeitos danosos contra a popula\u00e7\u00e3o brasileira, especialmente \u00e0s crian\u00e7as e aos adolescentes, caso seja implementada. A institui\u00e7\u00e3o destaca a \u201credu\u00e7\u00e3o da idade de in\u00edcio de hormoniza\u00e7\u00e3o para 14 anos\u201d em tratamentos de transi\u00e7\u00e3o de g\u00eanero, e pela \u201clegaliza\u00e7\u00e3o do aborto e a legaliza\u00e7\u00e3o da maconha no Brasil\u201d como forma de \u201ccombate \u00e0s desigualdades estruturais e hist\u00f3ricas\u201d.<\/p>\n\n\n\n<p>Segundo os juristas evang\u00e9licos, as diretrizes promovem publicamente pautas contr\u00e1rias \u00e0 prote\u00e7\u00e3o constitucional \u00e0 vida e \u00e0 inf\u00e2ncia, bem como em direta oposi\u00e7\u00e3o \u00e0s leis vigentes no pa\u00eds. Por fim, informa que encaminhar\u00e1 o posicionamento \u00e0s entidades e autoridades competentes.<\/p>\n\n\n\n<p><strong>Fonte: Comunh\u00e3o<\/strong><\/p>\n","protected":false},"excerpt":{"rendered":"<p>No final do m\u00eas de julho, o Conselho Nacional de Sa\u00fade (CNS) publicou a Resolu\u00e7\u00e3o n\u00ba 715\/2023, que&nbsp;defende a legaliza\u00e7\u00e3o do aborto e da maconha no Brasil. O texto apresenta orienta\u00e7\u00f5es estrat\u00e9gicas para o Plano Plurianual 2024\u20132027 e para o Plano Nacional de Sa\u00fade 2024\u20132027. Vale destacar que as diretrizes foram aprovadas na 17\u00aa Confer\u00eancia [&hellip;]<\/p>\n","protected":false},"author":2,"featured_media":16755,"comment_status":"open","ping_status":"open","sticky":false,"template":"","format":"standard","meta":[],"categories":[11,12],"tags":[13],"_links":{"self":[{"href":"https:\/\/dgospel.com.br\/portal\/index.php\/wp-json\/wp\/v2\/posts\/16754"}],"collection":[{"href":"https:\/\/dgospel.com.br\/portal\/index.php\/wp-json\/wp\/v2\/posts"}],"about":[{"href":"https:\/\/dgospel.com.br\/portal\/index.php\/wp-json\/wp\/v2\/types\/post"}],"author":[{"embeddable":true,"href":"https:\/\/dgospel.com.br\/portal\/index.php\/wp-json\/wp\/v2\/users\/2"}],"replies":[{"embeddable":true,"href":"https:\/\/dgospel.com.br\/portal\/index.php\/wp-json\/wp\/v2\/comments?post=16754"}],"version-history":[{"count":1,"href":"https:\/\/dgospel.com.br\/portal\/index.php\/wp-json\/wp\/v2\/posts\/16754\/revisions"}],"predecessor-version":[{"id":16756,"href":"https:\/\/dgospel.com.br\/portal\/index.php\/wp-json\/wp\/v2\/posts\/16754\/revisions\/16756"}],"wp:featuredmedia":[{"embeddable":true,"href":"https:\/\/dgospel.com.br\/portal\/index.php\/wp-json\/wp\/v2\/media\/16755"}],"wp:attachment":[{"href":"https:\/\/dgospel.com.br\/portal\/index.php\/wp-json\/wp\/v2\/media?parent=16754"}],"wp:term":[{"taxonomy":"category","embeddable":true,"href":"https:\/\/dgospel.com.br\/portal\/index.php\/wp-json\/wp\/v2\/categories?post=16754"},{"taxonomy":"post_tag","embeddable":true,"href":"https:\/\/dgospel.com.br\/portal\/index.php\/wp-json\/wp\/v2\/tags?post=16754"}],"curies":[{"name":"wp","href":"https:\/\/api.w.org\/{rel}","templated":true}]}}