{"id":16758,"date":"2023-08-11T11:29:10","date_gmt":"2023-08-11T14:29:10","guid":{"rendered":"http:\/\/dgospel.com.br\/portal\/?p=16758"},"modified":"2023-08-11T11:29:11","modified_gmt":"2023-08-11T14:29:11","slug":"gasolina-sobe-quase-5-e-puxa-aumento-geral-dos-precos-em-julho","status":"publish","type":"post","link":"https:\/\/dgospel.com.br\/portal\/index.php\/2023\/08\/11\/gasolina-sobe-quase-5-e-puxa-aumento-geral-dos-precos-em-julho\/","title":{"rendered":"Gasolina sobe quase 5% e puxa aumento geral dos pre\u00e7os em julho"},"content":{"rendered":"\n<p>Depois de registrar o&nbsp;<a href=\"https:\/\/noticias.r7.com\/economia\/inflacao-junho-11072023\"><strong>primeiro resultado negativo do ano em junho (-0,08%)<\/strong><\/a>, a infla\u00e7\u00e3o oficial de pre\u00e7os ganhou for\u00e7a ao avan\u00e7ar 0,12% no m\u00eas de julho, mostram n\u00fameros divulgados nesta sexta-feira (11) pelo&nbsp;<strong>IBGE (Instituto Brasileiro de Geografia e Estat\u00edstica)<\/strong>.<\/p>\n\n\n\n<p>A\u00a0<a href=\"http:\/\/noticias.r7.com\/economia\/preco-medio-da-gasolina-recua-pela-quarta-semana-nos-postos-e-o-do-diesel-sobe-04082023\"><strong>gasolina<\/strong><\/a>, subitem de maior peso individual no \u00edndice, foi o produto que mais impactou no resultado da infla\u00e7\u00e3o, com uma varia\u00e7\u00e3o de 4,75% no m\u00eas. Em junho, o combust\u00edvel havia apresentado queda de 1,14%.<\/p>\n\n\n\n<p>Andr\u00e9 Almeida, analista respons\u00e1vel pelo&nbsp;<a href=\"http:\/\/noticias.r7.com\/economia\/inflacao\"><strong>IPCA (\u00cdndice Nacional de Pre\u00e7os ao Consumidor Amplo)<\/strong><\/a>, recorda que a varia\u00e7\u00e3o ocorre mesmo com as redu\u00e7\u00f5es aplicadas nas refinarias. \u201cA alta de julho capta a reonera\u00e7\u00e3o de impostos, com a volta da cobran\u00e7a da al\u00edquota cheia de PIS e Cofins\u201d, explica ele.<\/p>\n\n\n\n<p>O encarecimento da gasolina foi determinante para a eleva\u00e7\u00e3o de 1,5% da cesta do grupo de transportes. Em rela\u00e7\u00e3o aos demais combust\u00edveis (4,15%), foram registradas altas no g\u00e1s veicular (3,84%) e no etanol (1,57%), enquanto o \u00f3leo diesel caiu 1,37%. As altas das passagens a\u00e9reas (4,97%) e dos carros novos (1,65%) tamb\u00e9m contribu\u00edram para o resultado.<\/p>\n\n\n\n<p>Com a varia\u00e7\u00e3o positiva de julho, a infla\u00e7\u00e3o oficial de pre\u00e7os do Brasil registra a primeira alta no per\u00edodo em 12 meses desde junho de 2022, ao passar de 3,16% para 3,99%.<\/p>\n\n\n\n<p>Almeida ressalta que a acelera\u00e7\u00e3o \u00e9 originada devido \u00e0s tr\u00eas defla\u00e7\u00f5es consecutivas observadas em julho, agosto e setembro de 2022. &#8220;Saiu a queda de 0,68% de julho de 2022 e entrou a alta de 0,12%\u201d, explica ele.<\/p>\n\n\n\n<p>Mesmo com leve alta, o indicador continua, pelo quinto m\u00eas consecutivo, dentro do intervalo da meta preestabelecida pelo governo para 2023, de 3,25%, com margem de toler\u00e2ncia de 1,5 ponto percentual (de 1,75% a 4,75%).<\/p>\n\n\n\n<h3>Alimenta\u00e7\u00e3o<\/h3>\n\n\n\n<figure class=\"wp-block-image\"><img src=\"https:\/\/img.r7.com\/images\/r7-fiera-livre-rua-cayowaa-zona-oeste-sp-1500-21042022124410778?dimensions=442x241&amp;&amp;&amp;&amp;&amp;&amp;&amp;&amp;&amp;resize=442x241&amp;crop=1249x681+5+55&amp;&amp;&amp;&amp;&amp;&amp;&amp;&amp;resize=442x241&amp;crop=1249x681+5+55\" alt=\"Alimentos e bebidas recuaram 0,46% em julho, diz IBGE\" title=\"Alimentos e bebidas recuaram 0,46% em julho, diz IBGE\"\/><\/figure>\n\n\n\n<h4>Alimentos e bebidas recuaram 0,46% em julho, diz IBGE<\/h4>\n\n\n\n<p>Na contram\u00e3o do resultado geral, o grupo de alimenta\u00e7\u00e3o e bebidas apresentou queda de 0,46% nos pre\u00e7os ao longo do m\u00eas de julho, influenciada pelo recuo nos valores da alimenta\u00e7\u00e3o no domic\u00edlio (-0,72%), que j\u00e1 havia apresentado resultado negativo em junho (-1,07%).<\/p>\n\n\n\n<p>Entre os alimentos que puxaram a queda destacam-se o feij\u00e3o-carioca (-9,24%), o \u00f3leo de soja (-4,77%), o frango em peda\u00e7os (-2,64%), as carnes (-2,14%) e o leite longa-vida (-1,86%). \u201cDe maneira geral, podemos dizer que essas quedas est\u00e3o relacionadas a uma maior oferta dos produtos\u201d, avalia Almeida.<\/p>\n\n\n\n<p>J\u00e1 a alimenta\u00e7\u00e3o fora do domic\u00edlio (0,21%) desacelerou em rela\u00e7\u00e3o ao m\u00eas anterior (0,46%). A perda de for\u00e7a ocorre em virtude das altas menos intensas do lanche (+0,49%) e da refei\u00e7\u00e3o (+0,15%). Em junho, as varia\u00e7\u00f5es desses subitens haviam sido de 0,68% e 0,35%, respectivamente.<\/p>\n\n\n\n<h3>Demais grupos<\/h3>\n\n\n\n<p>Dos outros sete grupos de produtos e servi\u00e7os pesquisados, quatro&nbsp;tiveram alta no m\u00eas de julho. Foram eles artigos de resid\u00eancia (+0,04%), educa\u00e7\u00e3o (+0,13%), sa\u00fade e cuidados pessoais (+0,26%) e despesas pessoais (+0,38%). Os itens de comunica\u00e7\u00e3o ficaram est\u00e1veis (0%).<\/p>\n\n\n\n<p>Pelo lado das quedas, no grupo habita\u00e7\u00e3o (-1,01%), a energia el\u00e9trica residencial (-3,89%) apresentou o impacto negativo mais intenso do m\u00eas. \u201cO resultado foi por conta da incorpora\u00e7\u00e3o do B\u00f4nus de Itaipu, creditado integralmente nas faturas emitidas no m\u00eas de julho\u201d, diz Almeida.<\/p>\n\n\n\n<p><\/p>\n","protected":false},"excerpt":{"rendered":"<p>Depois de registrar o&nbsp;primeiro resultado negativo do ano em junho (-0,08%), a infla\u00e7\u00e3o oficial de pre\u00e7os ganhou for\u00e7a ao avan\u00e7ar 0,12% no m\u00eas de julho, mostram n\u00fameros divulgados nesta sexta-feira (11) pelo&nbsp;IBGE (Instituto Brasileiro de Geografia e Estat\u00edstica). A\u00a0gasolina, subitem de maior peso individual no \u00edndice, foi o produto que mais impactou no resultado da [&hellip;]<\/p>\n","protected":false},"author":2,"featured_media":16759,"comment_status":"open","ping_status":"open","sticky":false,"template":"","format":"standard","meta":[],"categories":[10],"tags":[],"_links":{"self":[{"href":"https:\/\/dgospel.com.br\/portal\/index.php\/wp-json\/wp\/v2\/posts\/16758"}],"collection":[{"href":"https:\/\/dgospel.com.br\/portal\/index.php\/wp-json\/wp\/v2\/posts"}],"about":[{"href":"https:\/\/dgospel.com.br\/portal\/index.php\/wp-json\/wp\/v2\/types\/post"}],"author":[{"embeddable":true,"href":"https:\/\/dgospel.com.br\/portal\/index.php\/wp-json\/wp\/v2\/users\/2"}],"replies":[{"embeddable":true,"href":"https:\/\/dgospel.com.br\/portal\/index.php\/wp-json\/wp\/v2\/comments?post=16758"}],"version-history":[{"count":1,"href":"https:\/\/dgospel.com.br\/portal\/index.php\/wp-json\/wp\/v2\/posts\/16758\/revisions"}],"predecessor-version":[{"id":16760,"href":"https:\/\/dgospel.com.br\/portal\/index.php\/wp-json\/wp\/v2\/posts\/16758\/revisions\/16760"}],"wp:featuredmedia":[{"embeddable":true,"href":"https:\/\/dgospel.com.br\/portal\/index.php\/wp-json\/wp\/v2\/media\/16759"}],"wp:attachment":[{"href":"https:\/\/dgospel.com.br\/portal\/index.php\/wp-json\/wp\/v2\/media?parent=16758"}],"wp:term":[{"taxonomy":"category","embeddable":true,"href":"https:\/\/dgospel.com.br\/portal\/index.php\/wp-json\/wp\/v2\/categories?post=16758"},{"taxonomy":"post_tag","embeddable":true,"href":"https:\/\/dgospel.com.br\/portal\/index.php\/wp-json\/wp\/v2\/tags?post=16758"}],"curies":[{"name":"wp","href":"https:\/\/api.w.org\/{rel}","templated":true}]}}