{"id":16761,"date":"2023-08-11T15:57:09","date_gmt":"2023-08-11T18:57:09","guid":{"rendered":"http:\/\/dgospel.com.br\/portal\/?p=16761"},"modified":"2023-08-11T15:57:11","modified_gmt":"2023-08-11T18:57:11","slug":"o-sus-e-os-puxadinhos-do-pt","status":"publish","type":"post","link":"https:\/\/dgospel.com.br\/portal\/index.php\/2023\/08\/11\/o-sus-e-os-puxadinhos-do-pt\/","title":{"rendered":"O SUS e os puxadinhos do PT"},"content":{"rendered":"\n<p>Antes de tudo, advirto que aqui n\u00e3o falo em nome da Defensoria P\u00fablica de Santa Catarina e nem como defensor p\u00fablico. Falo por mim mesmo, fora do desempenho do cargo porque, acima de tudo, sou crist\u00e3o e est\u00e1 \u00e9 a \u00fanica condi\u00e7\u00e3o que vale a pena ser defendida. Se falasse aqui na condi\u00e7\u00e3o de defensor estaria obrigado a aceitar que o Estado interferisse na espiritualidade das pessoas, mesmo discriminando religi\u00f5es e violando a sua laicidade, como vem ocorrendo numa milit\u00e2ncia materialista e anticrist\u00e3 de autoridades brasileiras, que confundem fanatismo ideol\u00f3gico e laicismo com laicidade. Logo, falo na condi\u00e7\u00e3o de cidad\u00e3o crist\u00e3o com direito de se expressar sem \u00f3dio ou viol\u00eancia, nos limites constitucionais. Se mesmo assim acharem que \u00e9 \u00f3dio ou viol\u00eancia, o que s\u00f3 tenho a fazer \u00e9 lamentar e orar por essas coitadas almas que se ofendem com um mero Pai-Nosso, com uma cruz, enfim, com aquilo que n\u00e3o corresponde \u00e0 sua cartilha ideol\u00f3gico-espiritual. Estes espec\u00edficos ofendidos, estes sim, tamb\u00e9m precisam de cura.<\/p>\n\n\n\n<p>O Conselho Nacional de Sa\u00fade, do governo federal, pela Resolu\u00e7\u00e3o n. 715, de 2023, criou verdadeiros \u201cpuxadinhos espirituais do SUS\u201d. A resolu\u00e7\u00e3o trata de equiparar casas espirituais de religi\u00f5es de matriz africana a verdadeiras extens\u00f5es do SUS &#8211; Servi\u00e7o \u00danico de Sa\u00fade, servi\u00e7o p\u00fablico estatal. Quem est\u00e1 passando por problemas de alma pode procurar, em tese sem custo algum, o caboclo, o orix\u00e1, o pai-de-santo mais pr\u00f3ximo de casa, que ele sarar\u00e1 o seu problema de alma (aquela vizinha fuxiqueira, a falta de dinheiro, seu amor de volta, etc.). Al\u00e9m disso, a resolu\u00e7\u00e3o tamb\u00e9m prop\u00f5e aos que n\u00e3o se identificam com o pr\u00f3prio sexo dar aquele \u201cup\u201d \u00e0 pr\u00f3pria masculinidade ou feminilidade com horm\u00f4nios, al\u00e9m de querer legalizar o aborto e maconha. Claro, tudo com o aval de um Estado que se diz religiosamente isento.<\/p>\n\n\n\n<p>Claro que a propaganda \u00e9 a alma do neg\u00f3cio. Ali\u00e1s, a alma n\u00e3o tem s\u00f3 rela\u00e7\u00e3o com a propaganda. Ela \u00e9 tamb\u00e9m o pre\u00e7o a ser pago, e ele \u00e9 caro demais! A resolu\u00e7\u00e3o transforma tais casas espirituais em verdadeiros \u201cequipamentos promotores de sa\u00fade e cura complementares do SUS, no processo de promo\u00e7\u00e3o da sa\u00fade e 1\u00aa porta de entrada para os que mais precisavam e de espa\u00e7o de cura para o desequil\u00edbrio mental, ps\u00edquico, social, alimentar [\u2026]\u201d. E tem mais propaganda. Se o ministro Barroso, do STF, quase foi arrebatado ao ter dito que conseguiu \u201cderrotar o \u201cbolsonarismo\u201d, a resolu\u00e7\u00e3o n. 715 vai no mesmo vi\u00e9s fatalista, sendo contra \u201ca l\u00f3gica ultraneoliberal derrotada nas elei\u00e7\u00f5es\u201d.<\/p>\n\n\n\n<p>O Estado n\u00e3o deve invadir a esfera de espiritualidade das pessoas, que \u00e9 privada, ditando que tipo de religi\u00e3o adotar, o seu modo de ser e de sua pr\u00e1tica. Mesmo que a Resolu\u00e7\u00e3o diga estar tratando da sa\u00fade mental de pessoas necessitadas, de sa\u00fade n\u00e3o se trata, e sim de tratamento espiritual e para a alma, que n\u00e3o se confunde com o aspecto corporal da pessoa. H\u00e1, ent\u00e3o, viola\u00e7\u00e3o ao princ\u00edpio da laicidade do Estado. O que \u00e9 de C\u00e9sar \u00e9 de C\u00e9sar, e o que \u00e9 de Deus \u00e9 de Deus, disse Jesus, aqui parafraseado.<\/p>\n\n\n\n<p>As pol\u00edticas de esquerda n\u00e3o negam que s\u00e3o por si mesmas ineficazes e, em assuntos espirituais, diab\u00f3licas. Por essas e por outras pol\u00edticas materialistas, p\u00f3s-modernas, estruturalistas, dever\u00edamos sentir vergonha se nos compararem aos gregos antigos, cujo objetivo de vida era conhecer desinteressadamente. O discurso de que o que \u00e9 antigo deve ser abandonado \u00e9 uma fal\u00e1cia das mais nocivas e enganosas que militam contra o&nbsp;<em>ser&nbsp;<\/em>(Deus e sua cria\u00e7\u00e3o) e que comprova, uma vez mais, que o mundo \u00e9 mesmo do maligno. N\u00e3o existe evolu\u00e7\u00e3o. Os gregos sentiam a necessidade de conhecer tudo que podiam, inclusive o pr\u00f3prio homem. S\u00f3crates refletia sobre a necessidade de o homem se conhecer. \u201cConhece-te a ti mesmo\u201d, recomendavam os gregos. Os p\u00f3s-modernos, achando-se infinitos, querem conhecer tudo menos eles pr\u00f3prios.<\/p>\n\n\n\n<p>A confus\u00e3o \u00e9 desumana. O ser humano \u00e9 corpo, alma e esp\u00edrito, ent\u00e3o o que \u00e9 relativo \u00e0 alma deve ser tratado como alma, o que \u00e9 relativo ao esp\u00edrito e ao corpo deve ser remediado como tal. Espiritualmente falando \u00e9 mais uma tentativa de desfigurar a criatura divina mais importante, como j\u00e1 vem acontecendo com pessoas que n\u00e3o se identificam com o seu sexo biol\u00f3gico e precisam, ent\u00e3o, de designa\u00e7\u00f5es nominais para existirem, como LGBTQIA+. Um exagero de uma raz\u00e3o tir\u00e2nica, em preju\u00edzo do pr\u00f3prio ser humano.<\/p>\n\n\n\n<p>\u00c9 altamente prejudicial para a pr\u00f3pria sa\u00fade mental dos usu\u00e1rios desses servi\u00e7os. \u201cDoentes\u201d espirituais precisam de rem\u00e9dio para a alma, n\u00e3o para o corpo. Confundidos pelo pr\u00f3prio Estado, os usu\u00e1rios destes servi\u00e7os ficar\u00e3o ainda mais longe do diagn\u00f3stico preciso sobre seus pr\u00f3prios males e de um rem\u00e9dio que realmente elimine ou diminua os problemas da alma.<\/p>\n\n\n\n<p>A discrimina\u00e7\u00e3o \u00e9 patente. E se fosse, por exemplo, o governo Bolsonaro que quisesse implementar \u201cpol\u00edticas crist\u00e3s de sa\u00fade\u201d nesses lugares? Uma discrimina\u00e7\u00e3o praticada justamente pelos tais evangelistas da diversidade que, paradoxalmente, excluem pessoas e classes de suas pol\u00edticas. Dividir \u00e9 poder, bandeira destes militantes esquerdistas.<\/p>\n\n\n\n<p><strong>Sergio Renato de Mello<\/strong>\u00a0\u00e9 defensor p\u00fablico de Santa Catarina, colunista do Jornal da Cidade Online e Instituto Burke Conservador, autor de obras jur\u00eddicas, crist\u00e3o membro da Igreja Universal do Reino de Deus.<br><br><em>* O conte\u00fado do texto acima \u00e9 de total responsabilidade do autor e n\u00e3o reflete necessariamente a opini\u00e3o do Portal Di\u00e1rio Gospel.<\/em><\/p>\n","protected":false},"excerpt":{"rendered":"<p>Antes de tudo, advirto que aqui n\u00e3o falo em nome da Defensoria P\u00fablica de Santa Catarina e nem como defensor p\u00fablico. Falo por mim mesmo, fora do desempenho do cargo porque, acima de tudo, sou crist\u00e3o e est\u00e1 \u00e9 a \u00fanica condi\u00e7\u00e3o que vale a pena ser defendida. Se falasse aqui na condi\u00e7\u00e3o de defensor [&hellip;]<\/p>\n","protected":false},"author":2,"featured_media":16762,"comment_status":"open","ping_status":"open","sticky":false,"template":"","format":"standard","meta":[],"categories":[19],"tags":[],"_links":{"self":[{"href":"https:\/\/dgospel.com.br\/portal\/index.php\/wp-json\/wp\/v2\/posts\/16761"}],"collection":[{"href":"https:\/\/dgospel.com.br\/portal\/index.php\/wp-json\/wp\/v2\/posts"}],"about":[{"href":"https:\/\/dgospel.com.br\/portal\/index.php\/wp-json\/wp\/v2\/types\/post"}],"author":[{"embeddable":true,"href":"https:\/\/dgospel.com.br\/portal\/index.php\/wp-json\/wp\/v2\/users\/2"}],"replies":[{"embeddable":true,"href":"https:\/\/dgospel.com.br\/portal\/index.php\/wp-json\/wp\/v2\/comments?post=16761"}],"version-history":[{"count":1,"href":"https:\/\/dgospel.com.br\/portal\/index.php\/wp-json\/wp\/v2\/posts\/16761\/revisions"}],"predecessor-version":[{"id":16763,"href":"https:\/\/dgospel.com.br\/portal\/index.php\/wp-json\/wp\/v2\/posts\/16761\/revisions\/16763"}],"wp:featuredmedia":[{"embeddable":true,"href":"https:\/\/dgospel.com.br\/portal\/index.php\/wp-json\/wp\/v2\/media\/16762"}],"wp:attachment":[{"href":"https:\/\/dgospel.com.br\/portal\/index.php\/wp-json\/wp\/v2\/media?parent=16761"}],"wp:term":[{"taxonomy":"category","embeddable":true,"href":"https:\/\/dgospel.com.br\/portal\/index.php\/wp-json\/wp\/v2\/categories?post=16761"},{"taxonomy":"post_tag","embeddable":true,"href":"https:\/\/dgospel.com.br\/portal\/index.php\/wp-json\/wp\/v2\/tags?post=16761"}],"curies":[{"name":"wp","href":"https:\/\/api.w.org\/{rel}","templated":true}]}}