{"id":16764,"date":"2023-08-14T10:34:54","date_gmt":"2023-08-14T13:34:54","guid":{"rendered":"http:\/\/dgospel.com.br\/portal\/?p=16764"},"modified":"2023-08-14T10:34:55","modified_gmt":"2023-08-14T13:34:55","slug":"apoiado-por-bolsonaro-milei-lidera-primarias-na-argentina","status":"publish","type":"post","link":"https:\/\/dgospel.com.br\/portal\/index.php\/2023\/08\/14\/apoiado-por-bolsonaro-milei-lidera-primarias-na-argentina\/","title":{"rendered":"Apoiado por Bolsonaro, Milei lidera prim\u00e1rias na Argentina"},"content":{"rendered":"\n<p>O deputado e economista&nbsp;<a href=\"http:\/\/pleno.news\/tag\/javier-milei\" target=\"_blank\" rel=\"noreferrer noopener\">Javier Milei<\/a>, l\u00edder da frente A Liberdade Avan\u00e7a e que conta com apoio declarado no Brasil do ex-presidente&nbsp;<a href=\"http:\/\/pleno.news\/tag\/jair-bolsonaro\" target=\"_blank\" rel=\"noreferrer noopener\">Jair Bolsonaro<\/a>, foi o candidato mais votado nas elei\u00e7\u00f5es prim\u00e1rias abertas realizadas neste domingo (13) na Argentina para definir os candidatos ao cargo de presidente do pa\u00eds no pleito a ser realizado no pr\u00f3ximo dia 22 de outubro.<\/p>\n\n\n\n<p>Quando 97,39% das urnas haviam sido apuradas, Milei, que n\u00e3o tinha advers\u00e1rio na elei\u00e7\u00e3o partid\u00e1ria, contava com 30,04% do total nacional (7,11 milh\u00f5es de votos), um percentual que n\u00e3o havia sido previsto nas pesquisas. Na \u00faltima quinta-feira (10), Bolsonaro enviou um v\u00eddeo a Milei manifestando apoio a sua candidatura e apontando semelhan\u00e7as de valores entre eles.<\/p>\n\n\n\n<p>A outra frente de oposi\u00e7\u00e3o ao atual governo do presidente Alberto Fern\u00e1ndez foi a segunda mais votada nacionalmente: a Juntos pela Mudan\u00e7a, com 28,27% dos votos. Neste caso, a disputa interna pela candidatura foi vencida pela ex-ministra da Seguran\u00e7a Patricia Bullrich, com 16,98% dos votos em todo o pa\u00eds, contra 11,3% do prefeito de Buenos Aires, Horacio Rodr\u00edguez Larreta.<\/p>\n\n\n\n<p>O atual ministro da Economia da Argentina, Sergio Massa, foi o segundo pr\u00e9-candidato mais votado em termos nacionais, com 21,40%, levando a melhor com sobras na disputa pela candidatura presidencial pela Uni\u00e3o pela P\u00e1tria, j\u00e1 que o advogado Juan Grabois obteve 5,87%. A coaliz\u00e3o peronista e de base do atual governo, por\u00e9m, foi apenas a terceira mais votada no pa\u00eds, com 27,27%.<\/p>\n\n\n\n<p>Al\u00e9m de Milei, Massa e Bullrich, outros dois outros candidatos conseguiram votos suficientes para se qualificarem para disputar as elei\u00e7\u00f5es presidenciais de outubro, porque suas frentes pol\u00edticas superaram a cl\u00e1usula de barreira de mais de 1,5% dos votos no domingo.<\/p>\n\n\n\n<p>S\u00e3o eles o peronista n\u00e3o-kirchnerista Juan Schiaretti, governador da prov\u00edncia de C\u00f3rdoba, com 3,83% dos votos, e Myriam Bregman, da Frente de Esquerda, com 2,65%.<\/p>\n\n\n\n<p>Cerca de 35,4 milh\u00f5es de argentinos foram convocados neste domingo para as chamadas PASO (prim\u00e1rias, abertas, simult\u00e2neas e obrigat\u00f3rias), que definiram as listas de candidatos que concorrer\u00e3o nas elei\u00e7\u00f5es gerais de 22 de outubro.<\/p>\n\n\n\n<p>Al\u00e9m da disputa presidencial, a Argentina vai definir os ocupantes de 130 das 257 cadeiras da C\u00e2mara dos Deputados e 24 das 72 do Senado. Tamb\u00e9m ser\u00e3o eleitos 43 representantes argentinos para o Parlamento do Mercosul (Parlasur).<\/p>\n\n\n\n<p>*EFE<\/p>\n","protected":false},"excerpt":{"rendered":"<p>O deputado e economista&nbsp;Javier Milei, l\u00edder da frente A Liberdade Avan\u00e7a e que conta com apoio declarado no Brasil do ex-presidente&nbsp;Jair Bolsonaro, foi o candidato mais votado nas elei\u00e7\u00f5es prim\u00e1rias abertas realizadas neste domingo (13) na Argentina para definir os candidatos ao cargo de presidente do pa\u00eds no pleito a ser realizado no pr\u00f3ximo dia [&hellip;]<\/p>\n","protected":false},"author":2,"featured_media":16765,"comment_status":"open","ping_status":"open","sticky":false,"template":"","format":"standard","meta":[],"categories":[16],"tags":[],"_links":{"self":[{"href":"https:\/\/dgospel.com.br\/portal\/index.php\/wp-json\/wp\/v2\/posts\/16764"}],"collection":[{"href":"https:\/\/dgospel.com.br\/portal\/index.php\/wp-json\/wp\/v2\/posts"}],"about":[{"href":"https:\/\/dgospel.com.br\/portal\/index.php\/wp-json\/wp\/v2\/types\/post"}],"author":[{"embeddable":true,"href":"https:\/\/dgospel.com.br\/portal\/index.php\/wp-json\/wp\/v2\/users\/2"}],"replies":[{"embeddable":true,"href":"https:\/\/dgospel.com.br\/portal\/index.php\/wp-json\/wp\/v2\/comments?post=16764"}],"version-history":[{"count":1,"href":"https:\/\/dgospel.com.br\/portal\/index.php\/wp-json\/wp\/v2\/posts\/16764\/revisions"}],"predecessor-version":[{"id":16766,"href":"https:\/\/dgospel.com.br\/portal\/index.php\/wp-json\/wp\/v2\/posts\/16764\/revisions\/16766"}],"wp:featuredmedia":[{"embeddable":true,"href":"https:\/\/dgospel.com.br\/portal\/index.php\/wp-json\/wp\/v2\/media\/16765"}],"wp:attachment":[{"href":"https:\/\/dgospel.com.br\/portal\/index.php\/wp-json\/wp\/v2\/media?parent=16764"}],"wp:term":[{"taxonomy":"category","embeddable":true,"href":"https:\/\/dgospel.com.br\/portal\/index.php\/wp-json\/wp\/v2\/categories?post=16764"},{"taxonomy":"post_tag","embeddable":true,"href":"https:\/\/dgospel.com.br\/portal\/index.php\/wp-json\/wp\/v2\/tags?post=16764"}],"curies":[{"name":"wp","href":"https:\/\/api.w.org\/{rel}","templated":true}]}}