{"id":16773,"date":"2023-08-15T16:35:21","date_gmt":"2023-08-15T19:35:21","guid":{"rendered":"http:\/\/dgospel.com.br\/portal\/?p=16773"},"modified":"2023-08-15T16:35:22","modified_gmt":"2023-08-15T19:35:22","slug":"casa-de-apoio-vera-lucia-atende-mais-de-11-mil-pessoas-no-primeiro-semestre-de-2023","status":"publish","type":"post","link":"https:\/\/dgospel.com.br\/portal\/index.php\/2023\/08\/15\/casa-de-apoio-vera-lucia-atende-mais-de-11-mil-pessoas-no-primeiro-semestre-de-2023\/","title":{"rendered":"Casa de Apoio Vera L\u00facia atende mais de 11 mil pessoas no primeiro semestre de 2023"},"content":{"rendered":"\n<p>A Casa de Apoio Vera Lucia Pagani, gerida pelo Governo do Tocantins, por meio da Secretaria de Estado do Trabalho e Desenvolvimento Social (Setas), realizou, entre os meses de janeiro e julho,&nbsp;11.689 mil atendimentos. Os h\u00f3spedes s\u00e3o pacientes encaminhados por assistentes sociais dos hospitais p\u00fablicos de Palmas: Hospital Geral e Hospital Infantil e Maternidade Dona Regina. A Casa tem capacidade de atender, diariamente, mais de 120 pessoas. Em 2022, a institui\u00e7\u00e3o atendeu aproximadamente 18 mil pessoas.<\/p>\n\n\n\n<p>Cleidiane Ferreira Cunha, de Cariri do Tocantins, chegou em Palmas no dia 10 de agosto, e est\u00e1 acompanhando seu pai, de 63 anos, que passa por um tratamento no Hospital Geral do Estado. \u201cA Casa de Apoio tem uma estrutura muito boa e \u00e9 um lugar acolhedor. \u00c9 uma institui\u00e7\u00e3o muito importante para todos que precisam de um lugar para ficar\u201d. Denilson Pereira, de Para\u00edso do Tocantins, acompanha seu irm\u00e3o que est\u00e1 hospitalizado. \u201cA Casa de Apoio \u00e9 um lugar muito importante, que recebe e acolhe as pessoas com um cora\u00e7\u00e3o grande\u201d, declara.<\/p>\n\n\n\n<p>Al\u00e9m de hospedagem, a Casa de Apoio Vera Lucia Pagani oferece quatro refei\u00e7\u00f5es di\u00e1rias, balanceadas, apoio psicol\u00f3gico e espiritual e entretenimento, al\u00e9m de informa\u00e7\u00f5es e orienta\u00e7\u00f5es por meio de palestras. Al\u00e9m do custeio cont\u00ednuo do Governo do Tocantins, a institui\u00e7\u00e3o tamb\u00e9m conta com doa\u00e7\u00f5es de parceiros volunt\u00e1rios, que ajudam de diversas formas.<\/p>\n\n\n\n<p>\u201cQueremos entregar servi\u00e7os de qualidade \u00e0 popula\u00e7\u00e3o tocantinense. Nosso desejo \u00e9 fazer desse lugar uma segunda casa para as pessoas\u201d, afirma o titular da Setas, Jonis Cala\u00e7a.<\/p>\n\n\n\n<p><strong>A\u00e7\u00f5es volunt\u00e1rias<\/strong><\/p>\n\n\n\n<p>Olhar para as necessidades das pessoas fez o bombeiro aposentado Mauro Alves da Silva contribuir com a presta\u00e7\u00e3o de servi\u00e7os na institui\u00e7\u00e3o. \u201cConhe\u00e7o o trabalho desenvolvido pela equipe da Casa de Apoio, sei que est\u00e3o fazendo o bem para as pessoas e ali, ouvindo as hist\u00f3rias deles, senti que precisava fazer algo mais que coisas materiais para ajudar, mas o que me moveu foi ouvir as hist\u00f3rias de vida das pessoas, as dificuldades que passam e a f\u00e9 que t\u00eam para vencer. Descobri que, n\u00e3o h\u00e1 maior recompensa que poder ajudar e ver a alegria no rosto de algu\u00e9m\u201d, afirmou.<\/p>\n\n\n\n<p><strong>Doa\u00e7\u00f5es<\/strong><\/p>\n\n\n\n<p>A Casa de Apoio recebe doa\u00e7\u00f5es e a\u00e7\u00f5es volunt\u00e1rias de amparo emocional e espiritual para seus h\u00f3spedes. Algumas das necessidades constantes dos usu\u00e1rios s\u00e3o roupas, cal\u00e7ados fechados (exig\u00eancia dos hospitais), itens de higiene pessoal. \u201cTamb\u00e9m estamos recebendo doa\u00e7\u00f5es de alimentos que complementam os lanches, como leite, caf\u00e9 e para ajudar na limpeza como detergente, entre outros\u201d, sugere a gerente da Casa, Els\u00e2ngela Sardinha. Os interessados em conhecer a Casa e se tornar parceiros podem entrar em contato pelo telefone&nbsp;(63) 3218-2465.<\/p>\n\n\n\n<p><strong>Casa de Apoio<\/strong><\/p>\n\n\n\n<p>A Casa de Apoio foi criada com o intuito de oferecer conforto e condi\u00e7\u00f5es dignas a pacientes que moram no interior e realizam tratamento de sa\u00fade em Palmas. Al\u00e9m de hospedagem gratuita, o Governo do Tocantins garante as principais refei\u00e7\u00f5es na Casa. A institui\u00e7\u00e3o oferece, ainda, um cronograma diversificado de atividades, como realiza\u00e7\u00e3o de palestras, minicursos e apoio espiritual, entre outros.<\/p>\n\n\n\n<p>A estrutura f\u00edsica da Casa \u00e9 composta por mais de 120 leitos equipados com beliches e ar-condicionado, cozinha, brinquedoteca, sala interdisciplinar, parquinho, \u00e1rea de conviv\u00eancia social e capela. Fica a apenas 200 metros do Hospital Geral de Palmas, o que facilita o acesso. Os h\u00f3spedes s\u00e3o selecionados e encaminhados pelas assistentes sociais dos hospitais de Palmas.<\/p>\n\n\n\n<p><img src=\"https:\/\/central.to.gov.br\/image\/342462?w=670&amp;h=383\"><\/p>\n\n\n\n<p>Casa tem capacidade de atender, diariamente, mais de 120 pessoas &#8211; Carlessandro Souza\/Governo do Tocantins<\/p>\n","protected":false},"excerpt":{"rendered":"<p>A Casa de Apoio Vera Lucia Pagani, gerida pelo Governo do Tocantins, por meio da Secretaria de Estado do Trabalho e Desenvolvimento Social (Setas), realizou, entre os meses de janeiro e julho,&nbsp;11.689 mil atendimentos. Os h\u00f3spedes s\u00e3o pacientes encaminhados por assistentes sociais dos hospitais p\u00fablicos de Palmas: Hospital Geral e Hospital Infantil e Maternidade Dona [&hellip;]<\/p>\n","protected":false},"author":2,"featured_media":16774,"comment_status":"open","ping_status":"open","sticky":false,"template":"","format":"standard","meta":[],"categories":[3],"tags":[13],"_links":{"self":[{"href":"https:\/\/dgospel.com.br\/portal\/index.php\/wp-json\/wp\/v2\/posts\/16773"}],"collection":[{"href":"https:\/\/dgospel.com.br\/portal\/index.php\/wp-json\/wp\/v2\/posts"}],"about":[{"href":"https:\/\/dgospel.com.br\/portal\/index.php\/wp-json\/wp\/v2\/types\/post"}],"author":[{"embeddable":true,"href":"https:\/\/dgospel.com.br\/portal\/index.php\/wp-json\/wp\/v2\/users\/2"}],"replies":[{"embeddable":true,"href":"https:\/\/dgospel.com.br\/portal\/index.php\/wp-json\/wp\/v2\/comments?post=16773"}],"version-history":[{"count":1,"href":"https:\/\/dgospel.com.br\/portal\/index.php\/wp-json\/wp\/v2\/posts\/16773\/revisions"}],"predecessor-version":[{"id":16775,"href":"https:\/\/dgospel.com.br\/portal\/index.php\/wp-json\/wp\/v2\/posts\/16773\/revisions\/16775"}],"wp:featuredmedia":[{"embeddable":true,"href":"https:\/\/dgospel.com.br\/portal\/index.php\/wp-json\/wp\/v2\/media\/16774"}],"wp:attachment":[{"href":"https:\/\/dgospel.com.br\/portal\/index.php\/wp-json\/wp\/v2\/media?parent=16773"}],"wp:term":[{"taxonomy":"category","embeddable":true,"href":"https:\/\/dgospel.com.br\/portal\/index.php\/wp-json\/wp\/v2\/categories?post=16773"},{"taxonomy":"post_tag","embeddable":true,"href":"https:\/\/dgospel.com.br\/portal\/index.php\/wp-json\/wp\/v2\/tags?post=16773"}],"curies":[{"name":"wp","href":"https:\/\/api.w.org\/{rel}","templated":true}]}}