{"id":16776,"date":"2023-08-15T16:40:26","date_gmt":"2023-08-15T19:40:26","guid":{"rendered":"http:\/\/dgospel.com.br\/portal\/?p=16776"},"modified":"2023-08-15T16:40:27","modified_gmt":"2023-08-15T19:40:27","slug":"wanderlei-barbosa-lanca-curso-de-mba-gratuito-para-capacitacao-de-servidores-publicos-estaduais-e-municipais-em-parceria-com-a-usp","status":"publish","type":"post","link":"https:\/\/dgospel.com.br\/portal\/index.php\/2023\/08\/15\/wanderlei-barbosa-lanca-curso-de-mba-gratuito-para-capacitacao-de-servidores-publicos-estaduais-e-municipais-em-parceria-com-a-usp\/","title":{"rendered":"Wanderlei Barbosa lan\u00e7a curso de MBA gratuito para capacita\u00e7\u00e3o de servidores p\u00fablicos estaduais e municipais em parceria com a USP"},"content":{"rendered":"\n<p>Com o objetivo de elevar os n\u00edveis t\u00e9cnico e intelectual dos servidores p\u00fablicos estaduais, o Governo do Tocantins lan\u00e7ou nesta segunda-feira, 14, o curso de MBA em Pol\u00edticas P\u00fablicas para Cidades Inteligentes, a ser ministrado pela Universidade de S\u00e3o Paulo (USP), com 278 vagas gratuitas destinadas a servidores da Unitins, da administra\u00e7\u00e3o direta e indireta do Estado, servidores municipais, Minist\u00e9rio P\u00fablico, Defensoria P\u00fablica, Tribunal de Justi\u00e7a, Assembleia Legislativa e docentes da USP. O evento foi realizado no audit\u00f3rio do Pal\u00e1cio Araguaia Governador Jos\u00e9 Wilson Siqueira Campos.<\/p>\n\n\n\n<p>As vagas ofertadas gratuitamente para o curso, que \u00e9 realizado em parceria com a institui\u00e7\u00e3o paulista, s\u00e3o uma a\u00e7\u00e3o do projeto&nbsp;<em>Capacito<\/em>&nbsp;que visa oferecer capacita\u00e7\u00f5es com foco na eleva\u00e7\u00e3o dos n\u00edveis t\u00e9cnico e intelectual dos servidores p\u00fablicos estaduais. O<em>&nbsp;Capacito<\/em>&nbsp;conta com investimento na ordem de R$ 8 milh\u00f5es e \u00e9 uma iniciativa do Governo do Tocantins, executado pela Secretaria de Estado da Administra\u00e7\u00e3o (Secad), pelo Conselho de Governan\u00e7a do Estado, pela Universidade Estadual do Tocantins (Unitins) e pela Funda\u00e7\u00e3o de Amparo \u00e0 Pesquisa do Tocantins (Fapt).<\/p>\n\n\n\n<p>O governador Wanderlei Barbosa destacou a import\u00e2ncia da qualifica\u00e7\u00e3o das pessoas para o desenvolvimento do Estado e os investimentos da sua gest\u00e3o nas \u00e1reas de educa\u00e7\u00e3o, ci\u00eancia e tecnologia, bem como da parceria com a USP para promover esse primeiro curso de MBA gratuito no Estado. \u201cQueremos servidores p\u00fablicos capacitados, para fazer a boa pol\u00edtica p\u00fablica nos munic\u00edpios, nos \u00f3rg\u00e3os do Estado e em outros poderes. Para n\u00f3s, \u00e9 motivo de satisfa\u00e7\u00e3o poder dar esse presente aos nossos servidores. Modernizar \u00e9 isso, investir no material humano, qualific\u00e1-lo para que ele seja cada vez mais eficiente\u201d, salientou o Governador.<\/p>\n\n\n\n<p>\u201cN\u00f3s temos que ter um servidor p\u00fablico preparado, para ter qualidade no servi\u00e7o p\u00fablico prestado \u00e0 nossa comunidade. Portanto, \u00e9 importante que o governador Wanderlei Barbosa fa\u00e7a isso\u201d, pontuou o vice-governador Laurez Moreira, que tamb\u00e9m participou do evento, acrescentando ainda que essa parceria com a Universidade de S\u00e3o Paulo demonstra o comprometimento do Governo com a pol\u00edtica de capacita\u00e7\u00e3o dos servidores. \u201cA USP \u00e9 um dos melhores centros de forma\u00e7\u00e3o do nosso Pa\u00eds e \u00e9 importante que o Tocantins tenha essas boas parcerias\u201d, pontuou.<\/p>\n\n\n\n<p>O reitor da Universidade Estadual do Tocantins (Unitins), Augusto Rezende, afirmou que o in\u00edcio do curso representa o in\u00edcio de uma grande a\u00e7\u00e3o do Comit\u00ea de Governan\u00e7a, apontando que um dos grandes gargalos \u00e9 a forma\u00e7\u00e3o e a capacita\u00e7\u00e3o dos servidores em virtude de um mercado cada vez mais din\u00e2mico. Ele explicou que o&nbsp;<em>Capacito<\/em>&nbsp;foi lan\u00e7ado e constitui o maior programa de incentivo \u00e0 capacita\u00e7\u00e3o dos servidores e vem para abranger as \u00e1reas priorit\u00e1rias. \u201cTemos proposto cadeia de v\u00e1rios cursos de mestrado, doutorado, p\u00f3s-gradua\u00e7\u00e3o e cursos de qualifica\u00e7\u00e3o espec\u00edficos. Entendemos que o servidor bem qualificado reflete no atendimento, nos processos de inova\u00e7\u00e3o das pastas e a gente entrega para a popula\u00e7\u00e3o um estado com a capacidade de um melhor atendimento e iniciamos com uma parceria de sucesso com a USP com o curso de MBA em Pol\u00edticas P\u00fablicas para Cidades Inteligentes\u201d, frisou.&nbsp;<\/p>\n\n\n\n<p>Ao todo, s\u00e3o ofertadas 278 vagas distribu\u00eddas da seguinte forma: 10 vagas exclusivas para servidores da Unitins; 100 vagas para servidores da Administra\u00e7\u00e3o Direta e Indireta do Estado; 139 vagas para servidores municipais, uma para cada munic\u00edpio; 11 vagas para servidores do MPTO, da DPE-TO, do TJ-TO, da Aleto e do TCE-TO e 18 bolsas para docentes da USP.<\/p>\n\n\n\n<p>A professora da USP e coordenadora do curso, Ana Carla Bliacheriene, &nbsp;disse que foi uma honra participar do lan\u00e7amento do programa&nbsp;<em>Capacito<\/em>&nbsp;e do curso de MBA em Pol\u00edticas P\u00fablicas para Cidades Inteligentes. \u201cEm nome da USP, afirmo que a Universidade de S\u00e3o Paulo sempre se faz presente onde a educa\u00e7\u00e3o \u00e9 apreciada. O Estado de S\u00e3o Paulo \u00e9 o que \u00e9 pela USP e, o Estado do Tocantins \u00e9 o que est\u00e1 se tornando, pela Unitins e pela sua uni\u00e3o com a ci\u00eancia. Por isso \u00e9 uma satisfa\u00e7\u00e3o para a USP estar presente neste momento importante para o Tocantins\u201d, comentou.<\/p>\n\n\n\n<p>O secret\u00e1rio de Estado da Administra\u00e7\u00e3o, Paulo C\u00e9sar Benfica, destacou que a atual gest\u00e3o fez hist\u00f3ria com a pol\u00edtica de valoriza\u00e7\u00e3o do servidor p\u00fablico e a capacita\u00e7\u00e3o est\u00e1 inserida neste contexto. Ele explicou que o&nbsp;<em>Capacito<\/em>&nbsp;\u00e9 um produto da capacita\u00e7\u00e3o e que a parceria com a USP representa uma conquista. \u201cEsse MBA em Pol\u00edticas P\u00fablicas para Cidades Inteligentes veio para fortalecer o servi\u00e7o p\u00fablico. O aperfei\u00e7oamento dos nossos servidores \u00e9 condi\u00e7\u00e3o imprescind\u00edvel para garantir a efetiva moderniza\u00e7\u00e3o da gest\u00e3o p\u00fablica. O&nbsp;<em>Capacito<\/em>&nbsp;\u00e9 implantado como mais uma ferramenta que vem garantir essa forma\u00e7\u00e3o cont\u00ednua dos nossos servidores garantido um modelo de Governan\u00e7a eficaz e efetivo nas suas a\u00e7\u00f5es voltadas para o bem comum, ou seja de toda a popula\u00e7\u00e3o do Estado\u201d, disse.<\/p>\n\n\n\n<p>Para a servidora da Unitins, Julliany Cavalcante, foi uma chance \u00fanica participar de um curso de MBA, ministrado pela Universidade de S\u00e3o Paulo. \u201c\u00c9 uma institui\u00e7\u00e3o muito conceituada e um curso de muita qualidade. Considerando que estou inserida na gest\u00e3o p\u00fablica, essa aplica\u00e7\u00e3o das pol\u00edticas p\u00fablicas ser\u00e1 fundamental para o desenvolvimento de tecnologias, sustentabilidade e todas as quest\u00f5es que envolvem as cidades no nosso Tocantins. O programa&nbsp;<em>Capacito<\/em>&nbsp;agregar\u00e1 muito conhecimento para os servidores e todos t\u00eam que aproveitar\u201d, informou.<\/p>\n\n\n\n<p><\/p>\n\n\n\n<p><img src=\"https:\/\/central.to.gov.br\/image\/342423?w=670&amp;h=383\"><\/p>\n\n\n\n<p>O evento foi realizado no audit\u00f3rio do Pal\u00e1cio Araguaia Governador Jos\u00e9 Wilson Siqueira Campos &#8211; Adilvan Nogueira\/Governo do Tocantins\u00a0<\/p>\n\n\n\n<p><img src=\"https:\/\/central.to.gov.br\/image\/342422?w=670&amp;h=383\"><\/p>\n\n\n\n<p>Com o objetivo de elevar os n\u00edveis t\u00e9cnico e intelectual dos servidores p\u00fablicos estaduais, o Governo do Estado lan\u00e7ou nesta segunda-feira, 14, o curso de MBA em Pol\u00edticas P\u00fablicas para Cidades Inteligentes, a ser ministrado pela Universidade de S\u00e3o Paulo (USP) &#8211; Esequias Araujo\/Governo do Tocantins\u00a0<\/p>\n\n\n\n<p><img src=\"https:\/\/central.to.gov.br\/image\/342421?w=670&amp;h=383\"><\/p>\n\n\n\n<p>Julliany Cavalcante, servidora da Unitins e aluna do curso de MBA, disse que o Capacito vai agregar muito conhecimento aos servidores &#8211; Adilvan Nogueira\/Governo do Tocantins\u00a0<\/p>\n\n\n\n<p><img src=\"https:\/\/central.to.gov.br\/image\/342420?w=670&amp;h=383\"><\/p>\n\n\n\n<p>Reitor da Unitins, Augusto Rezende, disse que servidor qualificado reflete no atendimento e no processo de inova\u00e7\u00e3o &#8211; Esequias Araujo\/Governo do Tocantins\u00a0<\/p>\n\n\n\n<p><img src=\"https:\/\/central.to.gov.br\/image\/342419?w=670&amp;h=383\"><\/p>\n\n\n\n<p>Secret\u00e1rio da Administra\u00e7\u00e3o, Paulo C\u00e9sar Benfica, disse que a atual gest\u00e3o fez hist\u00f3ria com a valoriza\u00e7\u00e3o e capacita\u00e7\u00e3o dos servidores &#8211; Esequias Araujo\/Governo do Tocantins\u00a0<\/p>\n\n\n\n<p><img src=\"https:\/\/central.to.gov.br\/image\/342417?w=670&amp;h=383\"><\/p>\n\n\n\n<p>Laurez Moreira, vice-governador, disse que a USP \u00e9 um dos melhores centros de forma\u00e7\u00e3o do Brasil, por isso \u00e9 importante essa parceria com o Governo do Tocantins &#8211; Esequias Araujo\/Governo do Tocantins\u00a0<\/p>\n\n\n\n<p><img src=\"https:\/\/central.to.gov.br\/image\/342418?w=670&amp;h=383\"><\/p>\n\n\n\n<p>A professora Ana Carla Bliacheriene, coordenadora do curso de MBA em Pol\u00edticas P\u00fablicas para Cidades Inteligentes afirmou que a USP sempre se faz presente onde a ci\u00eancia est\u00e1 presente &#8211; Adilvan Nogueira\/Governo do Tocantins<\/p>\n","protected":false},"excerpt":{"rendered":"<p>Com o objetivo de elevar os n\u00edveis t\u00e9cnico e intelectual dos servidores p\u00fablicos estaduais, o Governo do Tocantins lan\u00e7ou nesta segunda-feira, 14, o curso de MBA em Pol\u00edticas P\u00fablicas para Cidades Inteligentes, a ser ministrado pela Universidade de S\u00e3o Paulo (USP), com 278 vagas gratuitas destinadas a servidores da Unitins, da administra\u00e7\u00e3o direta e indireta [&hellip;]<\/p>\n","protected":false},"author":2,"featured_media":16777,"comment_status":"open","ping_status":"open","sticky":false,"template":"","format":"standard","meta":[],"categories":[3],"tags":[13],"_links":{"self":[{"href":"https:\/\/dgospel.com.br\/portal\/index.php\/wp-json\/wp\/v2\/posts\/16776"}],"collection":[{"href":"https:\/\/dgospel.com.br\/portal\/index.php\/wp-json\/wp\/v2\/posts"}],"about":[{"href":"https:\/\/dgospel.com.br\/portal\/index.php\/wp-json\/wp\/v2\/types\/post"}],"author":[{"embeddable":true,"href":"https:\/\/dgospel.com.br\/portal\/index.php\/wp-json\/wp\/v2\/users\/2"}],"replies":[{"embeddable":true,"href":"https:\/\/dgospel.com.br\/portal\/index.php\/wp-json\/wp\/v2\/comments?post=16776"}],"version-history":[{"count":1,"href":"https:\/\/dgospel.com.br\/portal\/index.php\/wp-json\/wp\/v2\/posts\/16776\/revisions"}],"predecessor-version":[{"id":16778,"href":"https:\/\/dgospel.com.br\/portal\/index.php\/wp-json\/wp\/v2\/posts\/16776\/revisions\/16778"}],"wp:featuredmedia":[{"embeddable":true,"href":"https:\/\/dgospel.com.br\/portal\/index.php\/wp-json\/wp\/v2\/media\/16777"}],"wp:attachment":[{"href":"https:\/\/dgospel.com.br\/portal\/index.php\/wp-json\/wp\/v2\/media?parent=16776"}],"wp:term":[{"taxonomy":"category","embeddable":true,"href":"https:\/\/dgospel.com.br\/portal\/index.php\/wp-json\/wp\/v2\/categories?post=16776"},{"taxonomy":"post_tag","embeddable":true,"href":"https:\/\/dgospel.com.br\/portal\/index.php\/wp-json\/wp\/v2\/tags?post=16776"}],"curies":[{"name":"wp","href":"https:\/\/api.w.org\/{rel}","templated":true}]}}