{"id":16779,"date":"2023-08-15T16:44:41","date_gmt":"2023-08-15T19:44:41","guid":{"rendered":"http:\/\/dgospel.com.br\/portal\/?p=16779"},"modified":"2023-08-15T16:44:42","modified_gmt":"2023-08-15T19:44:42","slug":"governo-do-tocantins-promove-capacitacao-sobre-doencas-tropicais-negligenciadas","status":"publish","type":"post","link":"https:\/\/dgospel.com.br\/portal\/index.php\/2023\/08\/15\/governo-do-tocantins-promove-capacitacao-sobre-doencas-tropicais-negligenciadas\/","title":{"rendered":"Governo do Tocantins promove capacita\u00e7\u00e3o sobre doen\u00e7as tropicais negligenciadas"},"content":{"rendered":"\n<p>Para ofertar um maior cuidado e aten\u00e7\u00e3o aos usu\u00e1rios do Sistema \u00danico de Sa\u00fade (SUS) tocantinense, a Secretaria de Estado da Sa\u00fade (SES-TO) promove nesta quarta, 16, e na quinta-feira, 17, capacita\u00e7\u00e3o para os profissionais de sa\u00fade sobre as doen\u00e7as tropicais negligenciadas: aspectos cl\u00ednicos, epidemiol\u00f3gicos e laboratoriais da mal\u00e1ria, leishmaniose tegumentar, doen\u00e7a de chagas e febre maculosa.<\/p>\n\n\n\n<p>O evento ter\u00e1 in\u00edcio \u00e0s 8 horas e ser\u00e1 realizado no audit\u00f3rio do Tribunal de Contas do Estado do Tocantins (TCE-TO) e contar\u00e1 com palestrantes da SES, do Minist\u00e9rio da Sa\u00fade, da Fiocruz e dos estados de S\u00e3o Paulo e Mato Grosso.<\/p>\n\n\n\n<p>\u201cA capacita\u00e7\u00e3o est\u00e1 sendo disponibilizada para os profissionais m\u00e9dicos que atuam na aten\u00e7\u00e3o prim\u00e1ria, territ\u00f3rios ind\u00edgenas e hospitais de refer\u00eancia do Estado do Tocantins e, durante os dois dias, falaremos sobre as doen\u00e7as tropicais negligenciadas. Ser\u00e3o abordadas quatro doen\u00e7as: mal\u00e1ria, leishmaniose tegumentar, doen\u00e7a de chagas e febre maculosa, doen\u00e7as que necessitam de um cuidado mais especializado para o tratamento do paciente\u201d, frisa a gerente de Vigil\u00e2ncia e Controle de Doen\u00e7as Tropicais Negligenciadas, Carina Graser Azevedo.<\/p>\n\n\n\n<p>Ser\u00e3o discutidos os tratamentos, dando um panorama sobre como est\u00e1 a situa\u00e7\u00e3o epidemiol\u00f3gica em nosso Estado e no pa\u00eds, diagn\u00f3stico cl\u00ednico e laboratorial e a assist\u00eancia farmac\u00eautica disponibilizada no SUS para o tratamento dessas doen\u00e7as. \u201cPara ministrar as palestras, convidamos m\u00e9dicos que s\u00e3o refer\u00eancias no pa\u00eds. Tamb\u00e9m haver\u00e1 falas dos representantes do Minist\u00e9rio da Sa\u00fade e dos t\u00e9cnicos respons\u00e1veis por essas doen\u00e7as no \u00e2mbito estadual. Espera-se, com essa capacita\u00e7\u00e3o, que os profissionais participantes possam atualizar seus conhecimentos e, com isso, oferecer assist\u00eancia adequada aos usu\u00e1rios do SUS por meio do diagn\u00f3stico precoce e tratamento correto, evitando-se assim \u00f3bitos e complica\u00e7\u00f5es\u201d, acrescenta Carina Graser Azevedo.<\/p>\n\n\n\n<p><strong>Doen\u00e7as Tropicais Negligenciadas<\/strong><\/p>\n\n\n\n<p>As doen\u00e7as negligenciadas tropicais s\u00e3o aquelas causadas por agentes infecciosos ou parasitas, sendo consideradas end\u00eamicas em popula\u00e7\u00f5es de baixa renda. Hansen\u00edase, dengue, mal\u00e1ria, leishmaniose, esquistossomose, raiva humana transmitida por c\u00e3es, escabiose (sarna), doen\u00e7a de chagas, parasitoses intestinais e tracoma s\u00e3o algumas das mais de 20 patologias presentes que colocam em risco milh\u00f5es de pessoas em todo o mundo.<\/p>\n","protected":false},"excerpt":{"rendered":"<p>Para ofertar um maior cuidado e aten\u00e7\u00e3o aos usu\u00e1rios do Sistema \u00danico de Sa\u00fade (SUS) tocantinense, a Secretaria de Estado da Sa\u00fade (SES-TO) promove nesta quarta, 16, e na quinta-feira, 17, capacita\u00e7\u00e3o para os profissionais de sa\u00fade sobre as doen\u00e7as tropicais negligenciadas: aspectos cl\u00ednicos, epidemiol\u00f3gicos e laboratoriais da mal\u00e1ria, leishmaniose tegumentar, doen\u00e7a de chagas e [&hellip;]<\/p>\n","protected":false},"author":2,"featured_media":16780,"comment_status":"open","ping_status":"open","sticky":false,"template":"","format":"standard","meta":[],"categories":[3],"tags":[13],"_links":{"self":[{"href":"https:\/\/dgospel.com.br\/portal\/index.php\/wp-json\/wp\/v2\/posts\/16779"}],"collection":[{"href":"https:\/\/dgospel.com.br\/portal\/index.php\/wp-json\/wp\/v2\/posts"}],"about":[{"href":"https:\/\/dgospel.com.br\/portal\/index.php\/wp-json\/wp\/v2\/types\/post"}],"author":[{"embeddable":true,"href":"https:\/\/dgospel.com.br\/portal\/index.php\/wp-json\/wp\/v2\/users\/2"}],"replies":[{"embeddable":true,"href":"https:\/\/dgospel.com.br\/portal\/index.php\/wp-json\/wp\/v2\/comments?post=16779"}],"version-history":[{"count":1,"href":"https:\/\/dgospel.com.br\/portal\/index.php\/wp-json\/wp\/v2\/posts\/16779\/revisions"}],"predecessor-version":[{"id":16781,"href":"https:\/\/dgospel.com.br\/portal\/index.php\/wp-json\/wp\/v2\/posts\/16779\/revisions\/16781"}],"wp:featuredmedia":[{"embeddable":true,"href":"https:\/\/dgospel.com.br\/portal\/index.php\/wp-json\/wp\/v2\/media\/16780"}],"wp:attachment":[{"href":"https:\/\/dgospel.com.br\/portal\/index.php\/wp-json\/wp\/v2\/media?parent=16779"}],"wp:term":[{"taxonomy":"category","embeddable":true,"href":"https:\/\/dgospel.com.br\/portal\/index.php\/wp-json\/wp\/v2\/categories?post=16779"},{"taxonomy":"post_tag","embeddable":true,"href":"https:\/\/dgospel.com.br\/portal\/index.php\/wp-json\/wp\/v2\/tags?post=16779"}],"curies":[{"name":"wp","href":"https:\/\/api.w.org\/{rel}","templated":true}]}}