{"id":16782,"date":"2023-08-16T11:08:47","date_gmt":"2023-08-16T14:08:47","guid":{"rendered":"http:\/\/dgospel.com.br\/portal\/?p=16782"},"modified":"2023-08-16T11:08:47","modified_gmt":"2023-08-16T14:08:47","slug":"leo-barbosa-recebe-empresarios-para-discutir-a-realizacao-de-uma-feira-de-negocios-na-regiao-sul-de-palmas","status":"publish","type":"post","link":"https:\/\/dgospel.com.br\/portal\/index.php\/2023\/08\/16\/leo-barbosa-recebe-empresarios-para-discutir-a-realizacao-de-uma-feira-de-negocios-na-regiao-sul-de-palmas\/","title":{"rendered":"L\u00e9o Barbosa recebe empres\u00e1rios para discutir a realiza\u00e7\u00e3o de uma feira de neg\u00f3cios na regi\u00e3o sul de Palmas"},"content":{"rendered":"\n<p>O deputado estadual L\u00e9o Barbosa (Republicanos) se reuniu na manh\u00e3 desta ter\u00e7a-feira, 15, com empres\u00e1rios, comerciantes e representantes da&nbsp;<em>Associa\u00e7\u00e3o Comercial<\/em>&nbsp;e Industrial de&nbsp;<em>Taquaralto<\/em>, Aurenys e Regi\u00e3o Sul&nbsp;de Palmas.<\/p>\n\n\n\n<p>O objetivo do encontro foi tratar sobre a elabora\u00e7\u00e3o de um projeto para a realiza\u00e7\u00e3o de uma feira de neg\u00f3cios que visa promover a valoriza\u00e7\u00e3o e o reconhecimento ao trabalho de todos os empres\u00e1rios da regi\u00e3o sul da capital.<\/p>\n\n\n\n<p>Na ocasi\u00e3o, o parlamentar destacou que buscar\u00e1 parcerias junto ao SEBRAE e ao Governo do Estado, por interm\u00e9dio das Secretarias de Cultura, Turismo e de Desenvolvimento Econ\u00f4mico para a promo\u00e7\u00e3o do evento. \u201cJuntos vamos formatar uma feira do tamanho da import\u00e2ncia que esse com\u00e9rcio tem para a capital do Tocantins e para o estado como um todo\u201d, destacou L\u00e9o.<\/p>\n","protected":false},"excerpt":{"rendered":"<p>O deputado estadual L\u00e9o Barbosa (Republicanos) se reuniu na manh\u00e3 desta ter\u00e7a-feira, 15, com empres\u00e1rios, comerciantes e representantes da&nbsp;Associa\u00e7\u00e3o Comercial&nbsp;e Industrial de&nbsp;Taquaralto, Aurenys e Regi\u00e3o Sul&nbsp;de Palmas. O objetivo do encontro foi tratar sobre a elabora\u00e7\u00e3o de um projeto para a realiza\u00e7\u00e3o de uma feira de neg\u00f3cios que visa promover a valoriza\u00e7\u00e3o e o reconhecimento [&hellip;]<\/p>\n","protected":false},"author":2,"featured_media":16783,"comment_status":"open","ping_status":"open","sticky":false,"template":"","format":"standard","meta":[],"categories":[8],"tags":[13],"_links":{"self":[{"href":"https:\/\/dgospel.com.br\/portal\/index.php\/wp-json\/wp\/v2\/posts\/16782"}],"collection":[{"href":"https:\/\/dgospel.com.br\/portal\/index.php\/wp-json\/wp\/v2\/posts"}],"about":[{"href":"https:\/\/dgospel.com.br\/portal\/index.php\/wp-json\/wp\/v2\/types\/post"}],"author":[{"embeddable":true,"href":"https:\/\/dgospel.com.br\/portal\/index.php\/wp-json\/wp\/v2\/users\/2"}],"replies":[{"embeddable":true,"href":"https:\/\/dgospel.com.br\/portal\/index.php\/wp-json\/wp\/v2\/comments?post=16782"}],"version-history":[{"count":1,"href":"https:\/\/dgospel.com.br\/portal\/index.php\/wp-json\/wp\/v2\/posts\/16782\/revisions"}],"predecessor-version":[{"id":16784,"href":"https:\/\/dgospel.com.br\/portal\/index.php\/wp-json\/wp\/v2\/posts\/16782\/revisions\/16784"}],"wp:featuredmedia":[{"embeddable":true,"href":"https:\/\/dgospel.com.br\/portal\/index.php\/wp-json\/wp\/v2\/media\/16783"}],"wp:attachment":[{"href":"https:\/\/dgospel.com.br\/portal\/index.php\/wp-json\/wp\/v2\/media?parent=16782"}],"wp:term":[{"taxonomy":"category","embeddable":true,"href":"https:\/\/dgospel.com.br\/portal\/index.php\/wp-json\/wp\/v2\/categories?post=16782"},{"taxonomy":"post_tag","embeddable":true,"href":"https:\/\/dgospel.com.br\/portal\/index.php\/wp-json\/wp\/v2\/tags?post=16782"}],"curies":[{"name":"wp","href":"https:\/\/api.w.org\/{rel}","templated":true}]}}