{"id":16791,"date":"2023-08-17T12:53:04","date_gmt":"2023-08-17T15:53:04","guid":{"rendered":"http:\/\/dgospel.com.br\/portal\/?p=16791"},"modified":"2023-08-17T12:53:04","modified_gmt":"2023-08-17T15:53:04","slug":"moraes-atende-a-pgr-e-inclui-gdias-em-inquerito-do-8-1","status":"publish","type":"post","link":"https:\/\/dgospel.com.br\/portal\/index.php\/2023\/08\/17\/moraes-atende-a-pgr-e-inclui-gdias-em-inquerito-do-8-1\/","title":{"rendered":"Moraes atende \u00e0 PGR e inclui GDias em inqu\u00e9rito do 8\/1"},"content":{"rendered":"\n<p>O ministro do Supremo Tribunal Federal (STF), Alexandre de Moraes, acatou o pedido feito pela Procuradoria-Geral da Rep\u00fablica (PGR), nesta quarta-feira (16), e adicionou o nome do general da reserva e ex-chefe do Gabinete de Seguran\u00e7a Institucional (GSI), Gon\u00e7alves Dias, no inqu\u00e9rito que apura o envolvimento de militares nos atos radicais do 8 de janeiro.<\/p>\n\n\n\n<p>O pedido foi feito pelo Partido Novo \u00e0 PGR, que encaminhou ao STF e teve acolhimento por parte do magistrado.<\/p>\n\n\n\n<p>As evid\u00eancias que saltam do comportamento de GDias, reveladas pelas imagens do circuito de seguran\u00e7a do Pal\u00e1cio do Planalto no famigerado dia 8 de janeiro, somadas aos depoimentos de militares mencionando que a conduta do ex-chefe do GSI poderia indicar \u201celementos importantes\u201d, foram fatores determinantes para a inclus\u00e3o do general no inqu\u00e9rito.<\/p>\n\n\n\n<p>\u2013 (\u2026) Deve-se deixar claro que tamb\u00e9m eventual conclus\u00e3o pelo delito de prevarica\u00e7\u00e3o haver\u00e1 de conhecer subsun\u00e7\u00e3o no C\u00f3digo Penal comum (art. 319) e n\u00e3o no C\u00f3digo Penal Militar (tamb\u00e9m o art. 319), possibilitando, igualmente, a investiga\u00e7\u00e3o pela Pol\u00edcia Federal, qual vem ocorrendo com as demais condutas \u2013 observou a PGR em of\u00edcio a Moraes.<\/p>\n\n\n\n<p>O ministro da Suprema Corte entendeu que os fatos levantados pelo sub-procurador-geral Carlos Frederico Santos \u201cest\u00e3o abrangidos pela investiga\u00e7\u00e3o em curso na Pet 11.027-DF, inclusive com a realiza\u00e7\u00e3o da oitiva de v\u00e1rios militares\u201d.<\/p>\n","protected":false},"excerpt":{"rendered":"<p>O ministro do Supremo Tribunal Federal (STF), Alexandre de Moraes, acatou o pedido feito pela Procuradoria-Geral da Rep\u00fablica (PGR), nesta quarta-feira (16), e adicionou o nome do general da reserva e ex-chefe do Gabinete de Seguran\u00e7a Institucional (GSI), Gon\u00e7alves Dias, no inqu\u00e9rito que apura o envolvimento de militares nos atos radicais do 8 de janeiro. [&hellip;]<\/p>\n","protected":false},"author":2,"featured_media":16792,"comment_status":"open","ping_status":"open","sticky":false,"template":"","format":"standard","meta":[],"categories":[4],"tags":[],"_links":{"self":[{"href":"https:\/\/dgospel.com.br\/portal\/index.php\/wp-json\/wp\/v2\/posts\/16791"}],"collection":[{"href":"https:\/\/dgospel.com.br\/portal\/index.php\/wp-json\/wp\/v2\/posts"}],"about":[{"href":"https:\/\/dgospel.com.br\/portal\/index.php\/wp-json\/wp\/v2\/types\/post"}],"author":[{"embeddable":true,"href":"https:\/\/dgospel.com.br\/portal\/index.php\/wp-json\/wp\/v2\/users\/2"}],"replies":[{"embeddable":true,"href":"https:\/\/dgospel.com.br\/portal\/index.php\/wp-json\/wp\/v2\/comments?post=16791"}],"version-history":[{"count":1,"href":"https:\/\/dgospel.com.br\/portal\/index.php\/wp-json\/wp\/v2\/posts\/16791\/revisions"}],"predecessor-version":[{"id":16793,"href":"https:\/\/dgospel.com.br\/portal\/index.php\/wp-json\/wp\/v2\/posts\/16791\/revisions\/16793"}],"wp:featuredmedia":[{"embeddable":true,"href":"https:\/\/dgospel.com.br\/portal\/index.php\/wp-json\/wp\/v2\/media\/16792"}],"wp:attachment":[{"href":"https:\/\/dgospel.com.br\/portal\/index.php\/wp-json\/wp\/v2\/media?parent=16791"}],"wp:term":[{"taxonomy":"category","embeddable":true,"href":"https:\/\/dgospel.com.br\/portal\/index.php\/wp-json\/wp\/v2\/categories?post=16791"},{"taxonomy":"post_tag","embeddable":true,"href":"https:\/\/dgospel.com.br\/portal\/index.php\/wp-json\/wp\/v2\/tags?post=16791"}],"curies":[{"name":"wp","href":"https:\/\/api.w.org\/{rel}","templated":true}]}}