{"id":16794,"date":"2023-08-17T13:03:46","date_gmt":"2023-08-17T16:03:46","guid":{"rendered":"http:\/\/dgospel.com.br\/portal\/?p=16794"},"modified":"2023-08-17T13:03:48","modified_gmt":"2023-08-17T16:03:48","slug":"depoimento-de-fotografo-complica-vida-de-flavio-dino-diz-senador","status":"publish","type":"post","link":"https:\/\/dgospel.com.br\/portal\/index.php\/2023\/08\/17\/depoimento-de-fotografo-complica-vida-de-flavio-dino-diz-senador\/","title":{"rendered":"\u201cDepoimento de fot\u00f3grafo complica vida de Fl\u00e1vio Dino\u201d, diz senador"},"content":{"rendered":"\n<p>Na ter\u00e7a-feira (15), o fotojornalista Adriano Machado, da ag\u00eancia Reuters, foi chamado a depor como testemunha na CPMI do 8 de janeiro. O profissional relatou que, ao se dirigir \u00e0 Esplanada dos Minist\u00e9rios para documentar a invas\u00e3o dos edif\u00edcios dos Tr\u00eas Poderes, cruzou com agentes da For\u00e7a Nacional de Seguran\u00e7a P\u00fablica no estacionamento do Minist\u00e9rio da Justi\u00e7a e Seguran\u00e7a P\u00fablica.<a rel=\"noreferrer noopener\" href=\"https:\/\/www.assembleia.pr.leg.br\/assembleia-itinerante\/sugestao-de-melhorias-para-sua-cidade\" target=\"_blank\"><\/a><\/p>\n\n\n\n<p>Adriano compartilhou com a CPMI: \u201cPor volta de 14h40, um colega jornalista me ligou informando sobre a quebra do bloqueio policial perto do Congresso. \u00c0s 15h15, estacionei no anexo do Minist\u00e9rio da Justi\u00e7a\u201d. O fot\u00f3grafo tamb\u00e9m mencionou a presen\u00e7a de for\u00e7as de seguran\u00e7a no local, mas n\u00e3o se lembra de ter registrado esses agentes em suas fotos.<\/p>\n\n\n\n<p><a rel=\"noreferrer noopener\" href=\"https:\/\/twitter.com\/MarcosRogerio?ref_src=twsrc%5Etfw%7Ctwcamp%5Etweetembed%7Ctwterm%5E1691556426273964043%7Ctwgr%5Eb2d5acb3075936a67dbaae4a4ae88765a4f341ca%7Ctwcon%5Es1_&amp;ref_url=https%3A%2F%2Fhorabrasilia.com.br%2Fdepoimento-de-fotografo-complica-vida-de-flavio-dino-diz-senador%2F\" target=\"_blank\"><\/a><\/p>\n\n\n\n<p><a rel=\"noreferrer noopener\" href=\"https:\/\/twitter.com\/MarcosRogerio\/status\/1691556426273964043?ref_src=twsrc%5Etfw%7Ctwcamp%5Etweetembed%7Ctwterm%5E1691556426273964043%7Ctwgr%5Eb2d5acb3075936a67dbaae4a4ae88765a4f341ca%7Ctwcon%5Es1_&amp;ref_url=https%3A%2F%2Fhorabrasilia.com.br%2Fdepoimento-de-fotografo-complica-vida-de-flavio-dino-diz-senador%2F\" target=\"_blank\"><\/a>&#8220;Mais uma narrativa caindo por terra. O fot\u00f3grafo da Reuters confirmou hoje  que a For\u00e7a Nacional estava de prontid\u00e3o durante os atos do dia 08 de Janeiro, mas n\u00e3o agiu para proteger o patrim\u00f4nio p\u00fablico. Mais um ind\u00edcio de que houve, sim, omiss\u00e3o por parte do governo federal&#8221;, afirma o senador <a href=\"https:\/\/twitter.com\/MarcosRogerio\">Marcos Rog\u00e9rio<\/a><\/p>\n\n\n\n<p>.<\/p>\n","protected":false},"excerpt":{"rendered":"<p>Na ter\u00e7a-feira (15), o fotojornalista Adriano Machado, da ag\u00eancia Reuters, foi chamado a depor como testemunha na CPMI do 8 de janeiro. O profissional relatou que, ao se dirigir \u00e0 Esplanada dos Minist\u00e9rios para documentar a invas\u00e3o dos edif\u00edcios dos Tr\u00eas Poderes, cruzou com agentes da For\u00e7a Nacional de Seguran\u00e7a P\u00fablica no estacionamento do Minist\u00e9rio [&hellip;]<\/p>\n","protected":false},"author":2,"featured_media":16795,"comment_status":"open","ping_status":"open","sticky":false,"template":"","format":"standard","meta":[],"categories":[10],"tags":[],"_links":{"self":[{"href":"https:\/\/dgospel.com.br\/portal\/index.php\/wp-json\/wp\/v2\/posts\/16794"}],"collection":[{"href":"https:\/\/dgospel.com.br\/portal\/index.php\/wp-json\/wp\/v2\/posts"}],"about":[{"href":"https:\/\/dgospel.com.br\/portal\/index.php\/wp-json\/wp\/v2\/types\/post"}],"author":[{"embeddable":true,"href":"https:\/\/dgospel.com.br\/portal\/index.php\/wp-json\/wp\/v2\/users\/2"}],"replies":[{"embeddable":true,"href":"https:\/\/dgospel.com.br\/portal\/index.php\/wp-json\/wp\/v2\/comments?post=16794"}],"version-history":[{"count":1,"href":"https:\/\/dgospel.com.br\/portal\/index.php\/wp-json\/wp\/v2\/posts\/16794\/revisions"}],"predecessor-version":[{"id":16796,"href":"https:\/\/dgospel.com.br\/portal\/index.php\/wp-json\/wp\/v2\/posts\/16794\/revisions\/16796"}],"wp:featuredmedia":[{"embeddable":true,"href":"https:\/\/dgospel.com.br\/portal\/index.php\/wp-json\/wp\/v2\/media\/16795"}],"wp:attachment":[{"href":"https:\/\/dgospel.com.br\/portal\/index.php\/wp-json\/wp\/v2\/media?parent=16794"}],"wp:term":[{"taxonomy":"category","embeddable":true,"href":"https:\/\/dgospel.com.br\/portal\/index.php\/wp-json\/wp\/v2\/categories?post=16794"},{"taxonomy":"post_tag","embeddable":true,"href":"https:\/\/dgospel.com.br\/portal\/index.php\/wp-json\/wp\/v2\/tags?post=16794"}],"curies":[{"name":"wp","href":"https:\/\/api.w.org\/{rel}","templated":true}]}}