{"id":16800,"date":"2023-08-21T12:03:58","date_gmt":"2023-08-21T15:03:58","guid":{"rendered":"http:\/\/dgospel.com.br\/portal\/?p=16800"},"modified":"2023-08-21T12:03:59","modified_gmt":"2023-08-21T15:03:59","slug":"lei-que-proibe-uso-de-linguagem-neutra-passa-a-valer-em-bh","status":"publish","type":"post","link":"https:\/\/dgospel.com.br\/portal\/index.php\/2023\/08\/21\/lei-que-proibe-uso-de-linguagem-neutra-passa-a-valer-em-bh\/","title":{"rendered":"Lei que pro\u00edbe uso de linguagem neutra passa a valer em BH"},"content":{"rendered":"\n<p>O presidente da C\u00e2mara Municipal de&nbsp;<a href=\"https:\/\/pleno.news\/tag\/belo-horizonte\" target=\"_blank\" rel=\"noreferrer noopener\">Belo Horizonte<\/a>, Gabriel Azevedo (sem partido), promulgou uma lei que pro\u00edbe o uso de linguagem neutra nas escolas da capital de&nbsp;<a href=\"https:\/\/pleno.news\/tag\/minas-gerais\" target=\"_blank\" rel=\"noreferrer noopener\">Minas Gerais<\/a>. A legisla\u00e7\u00e3o foi publicada na edi\u00e7\u00e3o deste s\u00e1bado (19) do Di\u00e1rio Oficial do Munic\u00edpio (DOM) e, portanto, j\u00e1 est\u00e1 em vigor.<\/p>\n\n\n\n<p>A linguagem neutra prop\u00f5e o uso do \u201ce\u201d ou \u201cu\u201d como g\u00eanero neutro em substitui\u00e7\u00e3o aos masculinos e femininos \u201co\u201d e \u201ca\u201d, numa tentativa de tornar a l\u00edngua, de acordo com movimentos LGBTQIA+, mais \u201cinclusiva\u201d. Alguns dos exemplos dessa utiliza\u00e7\u00e3o s\u00e3o as palavras \u201cmenine\u201d (ao inv\u00e9s de menino ou menina), \u201ctodes\u201d (ao inv\u00e9s de todos ou todas) e \u201celu\u201d (ao inv\u00e9s de ela ou ele).<\/p>\n\n\n\n<p>Segundo o texto publicado, a viola\u00e7\u00e3o da nova lei poder\u00e1 acarretar san\u00e7\u00f5es administrativas \u00e0s institui\u00e7\u00f5es de ensino p\u00fablico e privado de Belo Horizonte. Detalhes de como ser\u00e1 feita essa puni\u00e7\u00e3o, contudo, ainda dever\u00e3o ser definidos por meio de decreto.<\/p>\n\n\n\n<p>A nova legisla\u00e7\u00e3o foi proposta pelo ent\u00e3o vereador e atual deputado federal Nikolas Ferreira (PL-MG). Depois de aprovada pelo Legislativo municipal em abril deste ano, o texto chegou a ser vetado pelo prefeito Fuad Noman (PSD). A C\u00e2mara Municipal, por\u00e9m, derrubou o veto ao projeto no in\u00edcio de agosto.<\/p>\n\n\n\n<p>\u2013 Em BH, n\u00e3o tem mais Elu e Todes. A L\u00edngua Portuguesa ser\u00e1 respeitada. Que a minha lei seja exemplo pra todo Brasil \u2013 escreveu Nikolas Ferreira neste s\u00e1bado, no Twitter.<\/p>\n\n\n\n<p>Rond\u00f4nia tamb\u00e9m teve uma lei que proibia a linguagem neutra em institui\u00e7\u00f5es de ensino e editais de concursos p\u00fablicos. A legisla\u00e7\u00e3o foi promulgada em 2021, mas foi suspensa logo em seguida pelo ministro Edson Fachin, do Supremo Tribunal Federal (STF). Em fevereiro deste ano, o Plen\u00e1rio da Corte declarou inconstitucional o texto ao entender que a norma viola a compet\u00eancia legislativa da Uni\u00e3o.<\/p>\n\n\n\n<p>\u2013 No \u00e2mbito da compet\u00eancia concorrente, cabe \u00e0 Uni\u00e3o estabelecer regras minimamente homog\u00eaneas em todo territ\u00f3rio nacional \u2013 ressaltou Fachin, o relator.<\/p>\n\n\n\n<p>*AE<\/p>\n","protected":false},"excerpt":{"rendered":"<p>O presidente da C\u00e2mara Municipal de&nbsp;Belo Horizonte, Gabriel Azevedo (sem partido), promulgou uma lei que pro\u00edbe o uso de linguagem neutra nas escolas da capital de&nbsp;Minas Gerais. A legisla\u00e7\u00e3o foi publicada na edi\u00e7\u00e3o deste s\u00e1bado (19) do Di\u00e1rio Oficial do Munic\u00edpio (DOM) e, portanto, j\u00e1 est\u00e1 em vigor. A linguagem neutra prop\u00f5e o uso do [&hellip;]<\/p>\n","protected":false},"author":2,"featured_media":16801,"comment_status":"open","ping_status":"open","sticky":false,"template":"","format":"standard","meta":[],"categories":[10],"tags":[],"_links":{"self":[{"href":"https:\/\/dgospel.com.br\/portal\/index.php\/wp-json\/wp\/v2\/posts\/16800"}],"collection":[{"href":"https:\/\/dgospel.com.br\/portal\/index.php\/wp-json\/wp\/v2\/posts"}],"about":[{"href":"https:\/\/dgospel.com.br\/portal\/index.php\/wp-json\/wp\/v2\/types\/post"}],"author":[{"embeddable":true,"href":"https:\/\/dgospel.com.br\/portal\/index.php\/wp-json\/wp\/v2\/users\/2"}],"replies":[{"embeddable":true,"href":"https:\/\/dgospel.com.br\/portal\/index.php\/wp-json\/wp\/v2\/comments?post=16800"}],"version-history":[{"count":1,"href":"https:\/\/dgospel.com.br\/portal\/index.php\/wp-json\/wp\/v2\/posts\/16800\/revisions"}],"predecessor-version":[{"id":16802,"href":"https:\/\/dgospel.com.br\/portal\/index.php\/wp-json\/wp\/v2\/posts\/16800\/revisions\/16802"}],"wp:featuredmedia":[{"embeddable":true,"href":"https:\/\/dgospel.com.br\/portal\/index.php\/wp-json\/wp\/v2\/media\/16801"}],"wp:attachment":[{"href":"https:\/\/dgospel.com.br\/portal\/index.php\/wp-json\/wp\/v2\/media?parent=16800"}],"wp:term":[{"taxonomy":"category","embeddable":true,"href":"https:\/\/dgospel.com.br\/portal\/index.php\/wp-json\/wp\/v2\/categories?post=16800"},{"taxonomy":"post_tag","embeddable":true,"href":"https:\/\/dgospel.com.br\/portal\/index.php\/wp-json\/wp\/v2\/tags?post=16800"}],"curies":[{"name":"wp","href":"https:\/\/api.w.org\/{rel}","templated":true}]}}