{"id":16814,"date":"2023-08-21T21:58:25","date_gmt":"2023-08-22T00:58:25","guid":{"rendered":"http:\/\/dgospel.com.br\/portal\/?p=16814"},"modified":"2023-08-21T21:58:27","modified_gmt":"2023-08-22T00:58:27","slug":"stf-equipara-homofobia-a-crime-de-racismo-e-injuria-racial","status":"publish","type":"post","link":"https:\/\/dgospel.com.br\/portal\/index.php\/2023\/08\/21\/stf-equipara-homofobia-a-crime-de-racismo-e-injuria-racial\/","title":{"rendered":"STF equipara homofobia a crime de racismo e inj\u00faria racial"},"content":{"rendered":"\n<p>O Supremo Tribunal Federal decidiu, nesta segunda-feira (21), que ofensas homof\u00f3bicas ser\u00e3o tratadas legalmente como crime de inj\u00faria racial e, consequentemente, de racismo. Agora, qualquer ato homof\u00f3bico ser\u00e1 considerado crime inafian\u00e7\u00e1vel e imprescrit\u00edvel, sujeito a uma pena de dois a cinco anos de pris\u00e3o, que pode ser duplicada se cometido por dois ou mais indiv\u00edduos.<a rel=\"noreferrer noopener\" href=\"https:\/\/www.assembleia.pr.leg.br\/assembleia-itinerante\/sugestao-de-melhorias-para-sua-cidade\" target=\"_blank\"><\/a><\/p>\n\n\n\n<p>Esta decis\u00e3o atende ao apelo da Associa\u00e7\u00e3o Brasileira de L\u00e9sbicas, Gays, Bissexuais, Travestis, Transexuais e Intersexos (ABGLT). Seis ministros do STF j\u00e1 votaram a favor, incluindo o relator, ministro Edson Fachin. O ministro Andr\u00e9 Mendon\u00e7a se absteve.<\/p>\n\n\n\n<p>Lembrando que a equipara\u00e7\u00e3o do crime de inj\u00faria racial ao de racismo pelo STF ocorreu em 2019, e a legisla\u00e7\u00e3o atual que define as puni\u00e7\u00f5es para esses crimes foi sancionada no in\u00edcio de 2023.<\/p>\n","protected":false},"excerpt":{"rendered":"<p>O Supremo Tribunal Federal decidiu, nesta segunda-feira (21), que ofensas homof\u00f3bicas ser\u00e3o tratadas legalmente como crime de inj\u00faria racial e, consequentemente, de racismo. Agora, qualquer ato homof\u00f3bico ser\u00e1 considerado crime inafian\u00e7\u00e1vel e imprescrit\u00edvel, sujeito a uma pena de dois a cinco anos de pris\u00e3o, que pode ser duplicada se cometido por dois ou mais indiv\u00edduos. [&hellip;]<\/p>\n","protected":false},"author":2,"featured_media":16815,"comment_status":"open","ping_status":"open","sticky":false,"template":"","format":"standard","meta":[],"categories":[10],"tags":[13],"_links":{"self":[{"href":"https:\/\/dgospel.com.br\/portal\/index.php\/wp-json\/wp\/v2\/posts\/16814"}],"collection":[{"href":"https:\/\/dgospel.com.br\/portal\/index.php\/wp-json\/wp\/v2\/posts"}],"about":[{"href":"https:\/\/dgospel.com.br\/portal\/index.php\/wp-json\/wp\/v2\/types\/post"}],"author":[{"embeddable":true,"href":"https:\/\/dgospel.com.br\/portal\/index.php\/wp-json\/wp\/v2\/users\/2"}],"replies":[{"embeddable":true,"href":"https:\/\/dgospel.com.br\/portal\/index.php\/wp-json\/wp\/v2\/comments?post=16814"}],"version-history":[{"count":1,"href":"https:\/\/dgospel.com.br\/portal\/index.php\/wp-json\/wp\/v2\/posts\/16814\/revisions"}],"predecessor-version":[{"id":16816,"href":"https:\/\/dgospel.com.br\/portal\/index.php\/wp-json\/wp\/v2\/posts\/16814\/revisions\/16816"}],"wp:featuredmedia":[{"embeddable":true,"href":"https:\/\/dgospel.com.br\/portal\/index.php\/wp-json\/wp\/v2\/media\/16815"}],"wp:attachment":[{"href":"https:\/\/dgospel.com.br\/portal\/index.php\/wp-json\/wp\/v2\/media?parent=16814"}],"wp:term":[{"taxonomy":"category","embeddable":true,"href":"https:\/\/dgospel.com.br\/portal\/index.php\/wp-json\/wp\/v2\/categories?post=16814"},{"taxonomy":"post_tag","embeddable":true,"href":"https:\/\/dgospel.com.br\/portal\/index.php\/wp-json\/wp\/v2\/tags?post=16814"}],"curies":[{"name":"wp","href":"https:\/\/api.w.org\/{rel}","templated":true}]}}